{"id":388954,"date":"2025-09-13T23:23:13","date_gmt":"2025-09-13T23:23:13","guid":{"rendered":"https:\/\/www.europesays.com\/fr\/388954\/"},"modified":"2025-09-13T23:23:13","modified_gmt":"2025-09-13T23:23:13","slug":"wta-wim-fissette-coach-diga-swiatek-apres-son-son-elimination-a-lus-open-et-son-retour-de-new-york-elle-est-allee-directement-chez-le-medecin-puis-ma-envoye-un-message","status":"publish","type":"post","link":"https:\/\/www.europesays.com\/fr\/388954\/","title":{"rendered":"WTA > Wim Fissette, coach d&rsquo;Iga Swiatek : \u00ab\u00a0Apr\u00e8s son son \u00e9limination \u00e0 l&rsquo;US Open et son retour de New York, elle est all\u00e9e directement chez le m\u00e9decin puis m&rsquo;a envoy\u00e9 un message\u00a0\u00bb"},"content":{"rendered":"<p>Lors d\u2019une inter\u00adview accord\u00e9e au m\u00e9dia polo\u00adnais <a href=\"https:\/\/www.sport.pl\/tenis\/7,64987,32245462,fissette-ujawnia-co-sie-stalo-swiatek-przed-us-open-o-tym.html\" data-wpel-link=\"external\" target=\"_blank\" rel=\"nofollow external noopener\">Sport<\/a>, l\u2019en\u00adtra\u00ee\u00adneur d\u2019Iga Swiatek, Wim Fisette, a r\u00e9v\u00e9l\u00e9 que sa joueuse avait souf\u00adfert d\u2019une ampoule sous le pied lors de l\u2019US Open, o\u00f9 elle a \u00e9t\u00e9 battue par Amanda Anisimova en quarts de finale. Rien de grave n\u00e9an\u00admoins pour la deuxi\u00e8me joueuse mondiale qui commen\u00adcera la tourn\u00e9e asia\u00adtique en Cor\u00e9e du Sud la semaine prochaine.\u00a0<\/p>\n<p><strong>\u00ab\u202fNous nous sommes dit que nous ne joue\u00adrions \u00e0 S\u00e9oul (d\u00e8s lundi, ndlr) que si Iga \u00e9tait en pleine forme. Apr\u00e8s son retour de New York, elle est all\u00e9e chez le m\u00e9decin et samedi, j\u2019ai re\u00e7u un message de sa part\u00a0: \u2018Je pourrai rejouer au tennis \u00e0 partir de mardi ou mercredi, et S\u00e9oul ne posera plus de probl\u00e8me\u2019. Nous ne voulions pas prendre de risque avec sa sant\u00e9, nous savions qu\u2019elle devait retrouver une forme physique \u00e0\u00a0100\u202f%.\u202f\u00bb<\/strong><\/p>\n<p class=\"post-published-date\" style=\"color: silver; font-size: 75%; text-align: left;\">Publi\u00e9 le samedi 13 septembre 2025 \u00e0 15:25<\/p>\n","protected":false},"excerpt":{"rendered":"Lors d\u2019une inter\u00adview accord\u00e9e au m\u00e9dia polo\u00adnais Sport, l\u2019en\u00adtra\u00ee\u00adneur d\u2019Iga Swiatek, Wim Fisette, a r\u00e9v\u00e9l\u00e9 que sa joueuse&hellip;\n","protected":false},"author":2,"featured_media":388955,"comment_status":"","ping_status":"","sticky":false,"template":"","format":"standard","meta":{"footnotes":""},"categories":[1415],"tags":[1011,27,2200,60,1467],"class_list":{"0":"post-388954","1":"post","2":"type-post","3":"status-publish","4":"format-standard","5":"has-post-thumbnail","7":"category-tennis","8":"tag-fr","9":"tag-france","10":"tag-iga-swiatek","11":"tag-sports","12":"tag-tennis"},"share_on_mastodon":{"url":"https:\/\/pubeurope.com\/@fr\/115199567626507529","error":""},"_links":{"self":[{"href":"https:\/\/www.europesays.com\/fr\/wp-json\/wp\/v2\/posts\/388954","targetHints":{"allow":["GET"]}}],"collection":[{"href":"https:\/\/www.europesays.com\/fr\/wp-json\/wp\/v2\/posts"}],"about":[{"href":"https:\/\/www.europesays.com\/fr\/wp-json\/wp\/v2\/types\/post"}],"author":[{"embeddable":true,"href":"https:\/\/www.europesays.com\/fr\/wp-json\/wp\/v2\/users\/2"}],"replies":[{"embeddable":true,"href":"https:\/\/www.europesays.com\/fr\/wp-json\/wp\/v2\/comments?post=388954"}],"version-history":[{"count":0,"href":"https:\/\/www.europesays.com\/fr\/wp-json\/wp\/v2\/posts\/388954\/revisions"}],"wp:featuredmedia":[{"embeddable":true,"href":"https:\/\/www.europesays.com\/fr\/wp-json\/wp\/v2\/media\/388955"}],"wp:attachment":[{"href":"https:\/\/www.europesays.com\/fr\/wp-json\/wp\/v2\/media?parent=388954"}],"wp:term":[{"taxonomy":"category","embeddable":true,"href":"https:\/\/www.europesays.com\/fr\/wp-json\/wp\/v2\/categories?post=388954"},{"taxonomy":"post_tag","embeddable":true,"href":"https:\/\/www.europesays.com\/fr\/wp-json\/wp\/v2\/tags?post=388954"}],"curies":[{"name":"wp","href":"https:\/\/api.w.org\/{rel}","templated":true}]}}