{"id":388958,"date":"2025-09-13T23:26:15","date_gmt":"2025-09-13T23:26:15","guid":{"rendered":"https:\/\/www.europesays.com\/fr\/388958\/"},"modified":"2025-09-13T23:26:15","modified_gmt":"2025-09-13T23:26:15","slug":"real-madrid-haut-risque-lom-seme-la-panique-en-espagne","status":"publish","type":"post","link":"https:\/\/www.europesays.com\/fr\/388958\/","title":{"rendered":"Real Madrid : \u00abHaut risque\u00bb, l\u2019OM s\u00e8me la panique en Espagne !"},"content":{"rendered":"<p>                    Hugo Chirossel<br \/>\n                        &#8211;<\/p>\n<p>Journaliste<\/p>\n<p>Passionn\u00e9 de football depuis le plus jeune \u00e2ge, devenir journaliste sportif est rapidement devenu une \u00e9vidence pour Hugo. Il se d\u00e9couvrira plus tard un amour pour la NBA, avant d\u2019explorer d\u2019autres horizons comme ceux de la Formule 1 et de la NFL.<\/p>\n<p class=\"heading\">Alors que l\u2019OM se d\u00e9placera mardi \u00e0 Santiago Bernab\u00e9u en Ligue des champions pour y d\u00e9fier le Real Madrid, 4 000 supporters marseillais sont attendus dans la capitale espagnole. Une rencontre class\u00e9e \u00e0 \u00ab haut risque \u00bb par les autorit\u00e9s locales et la police appr\u00e9hende beaucoup l\u2019arriv\u00e9e des fans olympiens qui ont mauvaise r\u00e9putation en Espagne. <\/p>\n<p>Apr\u00e8s sa victoire face \u00e0 <strong>Lorient<\/strong> vendredi soir (4-0), l\u2019<strong>OM<\/strong> se pr\u00e9pare \u00e0 une semaine tr\u00e8s charg\u00e9e qui se conclura le week-end prochain par la r\u00e9ception du <strong>PSG<\/strong>. Avant cela, <strong>Roberto De Zerbi <\/strong>et ses hommes auront un d\u00e9placement sur la pelouse du <strong>Real Madrid<\/strong> \u00e0 n\u00e9gocier, mardi en Ligue des champions. <a href=\"https:\/\/le10sport.com\/football\/ligue1\/om\/depart-au-real-madrid-la-folie-qui-se-prepare-a-lom-756931\" target=\"_blank\" rel=\"noopener\">Pr\u00e8s de 4 000 supporters se rendront en Espagne<\/a>, un des plus gros d\u00e9placements \u00e0 l\u2019\u00e9tranger de la saison. <\/p>\n<p>                                            La police espagnole craint le d\u00e9placement des supporters de l\u2019OM<\/p>\n<p>Et les autorit\u00e9s locales sont d\u00e9j\u00e0 sur le qui-vive. Le minist\u00e8re de l\u2019Int\u00e9rieur espagnol a class\u00e9 la rencontre entre le <strong>Real Madrid <\/strong>et l\u2019<strong>OM<\/strong> \u00e0 \u00ab haut risque \u00bb et comme indiqu\u00e9 par RMC Sport, la police locale appr\u00e9hende beaucoup le d\u00e9placement des supporters marseillais. Ces derniers ont une mauvaise r\u00e9putation en Espagne depuis les incidents de 2008 quand Marseille avait affront\u00e9 l\u2019<strong>Atl\u00e9tico Madrid<\/strong>. <strong>Santos Mirasierra<\/strong>, supporter de l\u2019<strong>OM<\/strong>, avait \u00e9t\u00e9 accus\u00e9 d\u2019avoir bouscul\u00e9 un policier et d\u00e9tenu deux mois en Espagne. Il avait ensuite fini de purger sa peine en France, lui qui avait \u00e9t\u00e9 condamn\u00e9 \u00e0 quatre mois et demi de prison et 10 mois de bracelet \u00e9lectronique. <\/p>\n<p>                                            L\u2019OM a pr\u00e9venu ses groupes de supporters<\/p>\n<p>RMC Sport fait savoir qu\u2019une r\u00e9union a eu lieu entre l\u2019<strong>OM<\/strong> et les repr\u00e9sentants des groupes de supporters, le club les ayant pr\u00e9venus que les mesures de s\u00e9curit\u00e9 allaient \u00eatre tr\u00e8s strictes. Les supporters ont d\u00fb envoyer des photos de leurs b\u00e2ches et drapeaux, alors qu\u2019ils subiront un contr\u00f4le d\u2019identit\u00e9 pour v\u00e9rifier si leur nom correspond bien \u00e0 leur place. Les autorit\u00e9s espagnoles leur ont d\u00e9conseill\u00e9 de se rendre dans le centre-ville de Madrid et plusieurs checkpoints seront mis en place. En juillet, une note interne de la police espagnole avait demand\u00e9 \u00ab d\u2019assurer l\u2019accompagnement et l\u2019encadrement des supporters fran\u00e7ais \u00e0 l\u2019\u00e9tranger \u00bb avec \u00ab l\u2019envoi de \u201cspotters\u201d lorsque la demande en sera faite par les autorit\u00e9s locales \u00bb. <\/p>\n","protected":false},"excerpt":{"rendered":"Hugo Chirossel &#8211; Journaliste Passionn\u00e9 de football depuis le plus jeune \u00e2ge, devenir journaliste sportif est rapidement devenu&hellip;\n","protected":false},"author":2,"featured_media":388959,"comment_status":"","ping_status":"","sticky":false,"template":"","format":"standard","meta":{"footnotes":""},"categories":[1412],"tags":[1451,1452,1453,1454,1455,1011,27,60],"class_list":{"0":"post-388958","1":"post","2":"type-post","3":"status-publish","4":"format-standard","5":"has-post-thumbnail","7":"category-f1","8":"tag-f1","9":"tag-formula-1","10":"tag-formula1","11":"tag-formule-1","12":"tag-formule1","13":"tag-fr","14":"tag-france","15":"tag-sports"},"share_on_mastodon":{"url":"https:\/\/pubeurope.com\/@fr\/115199579436869188","error":""},"_links":{"self":[{"href":"https:\/\/www.europesays.com\/fr\/wp-json\/wp\/v2\/posts\/388958","targetHints":{"allow":["GET"]}}],"collection":[{"href":"https:\/\/www.europesays.com\/fr\/wp-json\/wp\/v2\/posts"}],"about":[{"href":"https:\/\/www.europesays.com\/fr\/wp-json\/wp\/v2\/types\/post"}],"author":[{"embeddable":true,"href":"https:\/\/www.europesays.com\/fr\/wp-json\/wp\/v2\/users\/2"}],"replies":[{"embeddable":true,"href":"https:\/\/www.europesays.com\/fr\/wp-json\/wp\/v2\/comments?post=388958"}],"version-history":[{"count":0,"href":"https:\/\/www.europesays.com\/fr\/wp-json\/wp\/v2\/posts\/388958\/revisions"}],"wp:featuredmedia":[{"embeddable":true,"href":"https:\/\/www.europesays.com\/fr\/wp-json\/wp\/v2\/media\/388959"}],"wp:attachment":[{"href":"https:\/\/www.europesays.com\/fr\/wp-json\/wp\/v2\/media?parent=388958"}],"wp:term":[{"taxonomy":"category","embeddable":true,"href":"https:\/\/www.europesays.com\/fr\/wp-json\/wp\/v2\/categories?post=388958"},{"taxonomy":"post_tag","embeddable":true,"href":"https:\/\/www.europesays.com\/fr\/wp-json\/wp\/v2\/tags?post=388958"}],"curies":[{"name":"wp","href":"https:\/\/api.w.org\/{rel}","templated":true}]}}