{"id":388964,"date":"2025-09-13T23:29:10","date_gmt":"2025-09-13T23:29:10","guid":{"rendered":"https:\/\/www.europesays.com\/fr\/388964\/"},"modified":"2025-09-13T23:29:10","modified_gmt":"2025-09-13T23:29:10","slug":"deux-societaires-historiques-en-guerre-cet-et","status":"publish","type":"post","link":"https:\/\/www.europesays.com\/fr\/388964\/","title":{"rendered":"deux soci\u00e9taires historiques en guerre cet \u00e9t &#8230;"},"content":{"rendered":"<p>EN BREF<\/p>\n<ul class=\"bloc_resume_post_list\">\n<li>Une altercation \u00e9clate entre Jeanfi Janssens et Isabelle<br \/>\nMergault lors d\u00a0\u00bbune \u00e9mission RTL, n\u00e9cessitant l&rsquo;intervention de<br \/>\nLaurent Ruquier.<\/li>\n<li>Jeanfi Janssens critique Isabelle Mergault lors d&rsquo;une<br \/>\nf\u00eate, qualifiant la com\u00e9dienne de \u00ab\u00a0m\u00e9chante\u00a0\u00bb et \u00ab\u00a0hypocrite\u00a0\u00bb, ce qui<br \/>\nd\u00e9clenche une pol\u00e9mique.<\/li>\n<li>Laurent Ruquier tente de calmer les tensions en direct,<br \/>\nr\u00e9v\u00e9lant les dessous d&rsquo;une \u00e9quipe artistique en proie \u00e0 des<br \/>\nrivalit\u00e9s.<\/li>\n<\/ul>\n<p>Une violente altercation a \u00e9clat\u00e9 entre deux figures<br \/>\nembl\u00e9matiques de l&rsquo;\u00e9mission RTL. Cette querelle, survenue \u00e0 la<br \/>\nsuite d&rsquo;indiscr\u00e9tions rapport\u00e9es par un tiers, a contraint<br \/>\nl&rsquo;animateur vedette \u00e0 endosser le r\u00f4le de pacificateur en direct.<br \/>\nLes tensions ont pris une ampleur inattendue.<\/p>\n<p>Un anniversaire qui tourne mal<\/p>\n<p>La discorde trouve son origine dans une c\u00e9l\u00e9bration organis\u00e9e<br \/>\npar <a href=\"https:\/\/www.telestar.fr\/actu_tv\/quelquun-de-moche-chantal-ladesou-tres-en-forme-dans-c-a-vous-sa-voisine-visee-1727653\" target=\"_blank\" rel=\"noopener\"><br \/>\nChantal Ladesou<\/a> pour ses noces d&rsquo;or. Durant cette soir\u00e9e<br \/>\nfestive, l&rsquo;humoriste belge s&rsquo;est confi\u00e9 \u00e0 Jean-Louis Barcelona,<br \/>\ncom\u00e9dien r\u00e9gulier des spectacles d&rsquo;Isabelle Mergault. Ce dernier,<br \/>\npar curiosit\u00e9, s&rsquo;est enquis de l&rsquo;ambiance dans l&rsquo;\u00e9mission<br \/>\nradiophonique.<\/p>\n<p>Jeanfi Janssens n&rsquo;a alors pas m\u00e2ch\u00e9 ses mots concernant sa<br \/>\ncons\u0153ur. Selon les r\u00e9v\u00e9lations faites en direct, il aurait qualifi\u00e9<br \/>\nla com\u00e9dienne de \u00ab\u00a0m\u00e9chante\u00a0\u00bb et d'\u00a0\u00bbhypocrite\u00a0\u00bb, affirmant que<br \/>\nl&rsquo;animateur principal \u00ab\u00a0ne peut pas la saquer\u00a0\u00bb et ne la maintient<br \/>\nque par compassion professionnelle.<\/p>\n<p>Ces d\u00e9clarations particuli\u00e8rement virulentes ont rapidement fait<br \/>\nle tour des milieux artistiques parisiens, cr\u00e9ant un malaise<br \/>\npalpable.<\/p>\n<p>La col\u00e8re d&rsquo;Isabelle Mergault<\/p>\n<p>L&rsquo;actrice a d\u00e9couvert ces attaques par l&rsquo;interm\u00e9diaire de<br \/>\nJean-Louis Barcelona lui-m\u00eame. Interrog\u00e9e sur ses sentiments envers<br \/>\nson coll\u00e8gue, elle avait initialement exprim\u00e9 son affection :<br \/>\n\u00ab\u00a0j&rsquo;adore ce mec ! Il me fait rire, il est dr\u00f4le, il est<br \/>\ngentil\u00a0\u00bb. La r\u00e9v\u00e9lation des propos tenus \u00e0 son encontre a<br \/>\nprovoqu\u00e9 une r\u00e9action de stupeur puis de col\u00e8re.<\/p>\n<p>Face aux accusations, l&rsquo;humoriste belge a tent\u00e9 de minimiser ses<br \/>\nd\u00e9clarations. Il a reconnu avoir \u00e9voqu\u00e9 certaines difficult\u00e9s<br \/>\nrelationnelles, mais dans des termes qu&rsquo;il juge moins offensants :<br \/>\n\u00ab\u00a0J&rsquo;ai dit : &lsquo;Je m&rsquo;entends bien avec tout le monde \u00e0 part<br \/>\nIsabelle, elle est parfois un peu compliqu\u00e9e, elle peut \u00eatre<br \/>\njalouse et envieuse'\u00a0\u00bb.<\/p>\n<p>Cette version \u00e9dulcor\u00e9e n&rsquo;a toutefois pas suffi \u00e0 apaiser les<br \/>\ntensions entre les deux personnalit\u00e9s de l&rsquo;\u00e9mission.<\/p>\n<p>Laurent Ruquier en m\u00e9diateur<\/p>\n<p>L&rsquo;animateur principal s&rsquo;est retrouv\u00e9 au c\u0153ur de cette pol\u00e9mique<br \/>\nmalgr\u00e9 lui. Contact\u00e9 le lendemain par un Jeanfi Janssens \u00ab\u00a0en<br \/>\npleurs\u00a0\u00bb, il a d\u00fb rassurer son soci\u00e9taire inquiet des cons\u00e9quences<br \/>\nde ses indiscr\u00e9tions. L&rsquo;homme de radio a alors d\u00e9cid\u00e9 d&rsquo;aborder<br \/>\nfrontalement le conflit durant l&rsquo;\u00e9mission du mercredi.<\/p>\n<p>\u00ab\u00a0Il m&rsquo;appelle d\u00e8s le lendemain en pleurs, en me disant &lsquo;tu<br \/>\nsais, Isabelle va m&rsquo;en vouloir'\u00a0\u00bb, a r\u00e9v\u00e9l\u00e9 <a href=\"https:\/\/www.telestar.fr\/people\/quand-on-sachete-ruquier-de-celebres-humoristes-deversent-leur-fiel-sur-t18-1737535\" target=\"_blank\" rel=\"noopener\"><br \/>\nLaurent Ruquier<\/a>. Face \u00e0 cette situation d\u00e9licate, il a choisi<br \/>\nla transparence en orchestrant une r\u00e9conciliation publique : \u00ab\u00a0Je<br \/>\nprends mon casque de l&rsquo;ONU, le casque bleu que je suis\u00a0\u00bb.<\/p>\n<p>Cette m\u00e9diation improvis\u00e9e illustre les liens complexes qui<br \/>\nunissent cette \u00e9quipe artistique, m\u00e9lange d&rsquo;amiti\u00e9 sinc\u00e8re et de<br \/>\nrivalit\u00e9s professionnelles.<\/p>\n","protected":false},"excerpt":{"rendered":"EN BREF Une altercation \u00e9clate entre Jeanfi Janssens et Isabelle Mergault lors d\u00a0\u00bbune \u00e9mission RTL, n\u00e9cessitant l&rsquo;intervention de&hellip;\n","protected":false},"author":2,"featured_media":388965,"comment_status":"","ping_status":"","sticky":false,"template":"","format":"standard","meta":{"footnotes":""},"categories":[1359],"tags":[548,58,59,1011,27,52127,973],"class_list":{"0":"post-388964","1":"post","2":"type-post","3":"status-publish","4":"format-standard","5":"has-post-thumbnail","7":"category-people","8":"tag-article-simple","9":"tag-divertissement","10":"tag-entertainment","11":"tag-fr","12":"tag-france","13":"tag-isabelle-mergault","14":"tag-people"},"share_on_mastodon":{"url":"https:\/\/pubeurope.com\/@fr\/115199591280762902","error":""},"_links":{"self":[{"href":"https:\/\/www.europesays.com\/fr\/wp-json\/wp\/v2\/posts\/388964","targetHints":{"allow":["GET"]}}],"collection":[{"href":"https:\/\/www.europesays.com\/fr\/wp-json\/wp\/v2\/posts"}],"about":[{"href":"https:\/\/www.europesays.com\/fr\/wp-json\/wp\/v2\/types\/post"}],"author":[{"embeddable":true,"href":"https:\/\/www.europesays.com\/fr\/wp-json\/wp\/v2\/users\/2"}],"replies":[{"embeddable":true,"href":"https:\/\/www.europesays.com\/fr\/wp-json\/wp\/v2\/comments?post=388964"}],"version-history":[{"count":0,"href":"https:\/\/www.europesays.com\/fr\/wp-json\/wp\/v2\/posts\/388964\/revisions"}],"wp:featuredmedia":[{"embeddable":true,"href":"https:\/\/www.europesays.com\/fr\/wp-json\/wp\/v2\/media\/388965"}],"wp:attachment":[{"href":"https:\/\/www.europesays.com\/fr\/wp-json\/wp\/v2\/media?parent=388964"}],"wp:term":[{"taxonomy":"category","embeddable":true,"href":"https:\/\/www.europesays.com\/fr\/wp-json\/wp\/v2\/categories?post=388964"},{"taxonomy":"post_tag","embeddable":true,"href":"https:\/\/www.europesays.com\/fr\/wp-json\/wp\/v2\/tags?post=388964"}],"curies":[{"name":"wp","href":"https:\/\/api.w.org\/{rel}","templated":true}]}}