{"id":388970,"date":"2025-09-13T23:32:13","date_gmt":"2025-09-13T23:32:13","guid":{"rendered":"https:\/\/www.europesays.com\/fr\/388970\/"},"modified":"2025-09-13T23:32:13","modified_gmt":"2025-09-13T23:32:13","slug":"the-voice-kids-2025-albert-chante-dle-yaman-une-melodie-armenienne-auditions-a-laveugle-the-voice-kids","status":"publish","type":"post","link":"https:\/\/www.europesays.com\/fr\/388970\/","title":{"rendered":"The Voice Kids 2025 &#8211; Albert chante \u00ab\u00a0Dle Yaman\u00a0\u00bb une m\u00e9lodie arm\u00e9nienne (Auditions \u00e0 l&rsquo;aveugle) &#8211; The Voice Kids"},"content":{"rendered":"<p id=\"descriptionPanel\" class=\"text-secondary mr-2 line-clamp-2 pr-2.5 overflow-visible\">Albert, 11 ans, est venu tout droit d&rsquo;Arm\u00e9nie pour nous montrer son talent ! Ce soir, sur le plateau de The Voice Kids, il a choisi une m\u00e9lodie arm\u00e9nienne ; \u00ab\u00a0DleYaman\u00a0\u00bb. Amoureux de la culture fran\u00e7aise a appris le fran\u00e7ais sp\u00e9cialement pour participer \u00e0 The Voice Kids. Passionn\u00e9 de musique, il remporte tous les concours auxquels il participe en Arm\u00e9nie, en Allemagne et en Russie. Albert monte sur sc\u00e8ne avec l&rsquo;ambition de montrer que la musique n&rsquo;a pas de fronti\u00e8res. Celui qui esp\u00e8re que Patrick Fiori sera touch\u00e9 par sa prestation, r\u00eave de gagner The Voice Kids et de faire d\u00e9couvrir la culture arm\u00e9nienne au public fran\u00e7ais.<br \/>En savoir plus sur <a class=\"text-white hover:text-blue-500\" href=\"https:\/\/www.tf1.fr\/dossier\/patrick-fiori\" target=\"_blank\" rel=\"noopener\">Patrick Fiori    <\/a><\/p>\n<p>Afficher la version longue du r\u00e9sum\u00e9<a class=\"shrink-0\" href=\"https:\/\/www.tf1.fr\/tf1\/the-voice-kids\" target=\"_blank\" rel=\"noopener\"><img decoding=\"async\" src=\"https:\/\/www.europesays.com\/fr\/wp-content\/uploads\/2025\/09\/program-card-portrait-1-d2cefe-a04851-0@1x.jpg\" width=\"138\" height=\"184\" alt=\"\" loading=\"eager\" fetchpriority=\"auto\" class=\"rounded-3px aspect-[3\/4] h-24 w-auto\" aria-hidden=\"true\"\/><\/a><\/p>\n","protected":false},"excerpt":{"rendered":"Albert, 11 ans, est venu tout droit d&rsquo;Arm\u00e9nie pour nous montrer son talent ! Ce soir, sur le&hellip;\n","protected":false},"author":2,"featured_media":388971,"comment_status":"","ping_status":"","sticky":false,"template":"","format":"standard","meta":{"footnotes":""},"categories":[1356],"tags":[58,59,3483,41321,50587,50588,1011,27,50599,50600,50595,50596,252,10828,50589,50590,50597,50601,50586,50598,50602,50594,50593,1364,50591,50592],"class_list":{"0":"post-388970","1":"post","2":"type-post","3":"status-publish","4":"format-standard","5":"has-post-thumbnail","7":"category-television","8":"tag-divertissement","9":"tag-entertainment","10":"tag-extrait","11":"tag-extrait-tf1","12":"tag-extrait-the-voice-kids","13":"tag-extrait-the-voice-kids-tf1","14":"tag-fr","15":"tag-france","16":"tag-streaming-gratuit-the-voice-kids","17":"tag-streaming-gratuit-the-voice-kids-tf1","18":"tag-streaming-the-voice-kids","19":"tag-streaming-the-voice-kids-tf1","20":"tag-television","21":"tag-the-voice-kids","22":"tag-the-voice-kids-extrait","23":"tag-the-voice-kids-extrait-tf1","24":"tag-the-voice-kids-streaming","25":"tag-the-voice-kids-streaming-gratuit","26":"tag-the-voice-kids-tf1","27":"tag-the-voice-kids-tf1-streaming","28":"tag-the-voice-kids-tf1-streaming-gratuit","29":"tag-the-voice-kids-tf1-video","30":"tag-the-voice-kids-video","31":"tag-tv","32":"tag-video-the-voice-kids","33":"tag-video-the-voice-kids-tf1"},"share_on_mastodon":{"url":"","error":"Validation failed: Text character limit of 500 exceeded"},"_links":{"self":[{"href":"https:\/\/www.europesays.com\/fr\/wp-json\/wp\/v2\/posts\/388970","targetHints":{"allow":["GET"]}}],"collection":[{"href":"https:\/\/www.europesays.com\/fr\/wp-json\/wp\/v2\/posts"}],"about":[{"href":"https:\/\/www.europesays.com\/fr\/wp-json\/wp\/v2\/types\/post"}],"author":[{"embeddable":true,"href":"https:\/\/www.europesays.com\/fr\/wp-json\/wp\/v2\/users\/2"}],"replies":[{"embeddable":true,"href":"https:\/\/www.europesays.com\/fr\/wp-json\/wp\/v2\/comments?post=388970"}],"version-history":[{"count":0,"href":"https:\/\/www.europesays.com\/fr\/wp-json\/wp\/v2\/posts\/388970\/revisions"}],"wp:featuredmedia":[{"embeddable":true,"href":"https:\/\/www.europesays.com\/fr\/wp-json\/wp\/v2\/media\/388971"}],"wp:attachment":[{"href":"https:\/\/www.europesays.com\/fr\/wp-json\/wp\/v2\/media?parent=388970"}],"wp:term":[{"taxonomy":"category","embeddable":true,"href":"https:\/\/www.europesays.com\/fr\/wp-json\/wp\/v2\/categories?post=388970"},{"taxonomy":"post_tag","embeddable":true,"href":"https:\/\/www.europesays.com\/fr\/wp-json\/wp\/v2\/tags?post=388970"}],"curies":[{"name":"wp","href":"https:\/\/api.w.org\/{rel}","templated":true}]}}