{"id":388983,"date":"2025-09-13T23:39:16","date_gmt":"2025-09-13T23:39:16","guid":{"rendered":"https:\/\/www.europesays.com\/fr\/388983\/"},"modified":"2025-09-13T23:39:16","modified_gmt":"2025-09-13T23:39:16","slug":"personne-na-le-courage-de-faire-le-sale-boulot-pour-sattaquer-a-la-dette","status":"publish","type":"post","link":"https:\/\/www.europesays.com\/fr\/388983\/","title":{"rendered":"\u00abPersonne n\u2019a le courage de faire le sale boulot\u00bb pour s\u2019attaquer \u00e0 la dette"},"content":{"rendered":"<p><strong>ENTRETIEN &#8211;<\/strong> Apr\u00e8s la d\u00e9gradation de la note souveraine de la France par Fitch, passant de AA- \u00e0 A+, l\u2019\u00e9conomiste estime que les politiques doivent prendre des mesures budg\u00e9taires drastiques et impopulaires pour redresser la barre.<\/p>\n<p class=\"fig-paragraph\">La sentence \u00e9tait redout\u00e9e depuis plusieurs semaines\u00a0: l\u2019agence de notation am\u00e9ricaine Fitch a, sans surprise,\u00a0<a href=\"http:\/\/www.lefigaro.fr\/conjoncture\/dette-fitch-degrade-la-note-de-la-france-et-fait-basculer-le-pays-dans-le-club-des-simples-a-20250912\" data-fig-type=\"NewsFlash\" data-gtm-custom-categorie=\"navigation\" data-gtm-custom-action=\"crossclick\" data-gtm-custom-label=\"Contextuel\" data-gtm-event=\"customEventSPE\" data-fig-domain=\"LEFIGARO\" target=\"_blank\" rel=\"noopener\">d\u00e9grad\u00e9 la note de la dette fran\u00e7aise ce vendredi 12 septembre<\/a>, passant de AA- \u00e0 A+. Quelles sont les cons\u00e9quences d\u2019un tel changement pour la France\u00a0? D\u00e9cryptage avec l\u2019\u00e9conomiste Philippe Dessertine, enseignant \u00e0 l\u2019IAE de Paris et \u00e0 l\u2019universit\u00e9 Paris 1 Panth\u00e9on-Sorbonne, directeur de l\u2019Institut de haute finance \u00e0 Paris et ancien membre du Haut Conseil des finances publiques.<\/p>\n<p class=\"fig-paragraph\"><strong>LE FIGARO. &#8211; L\u2019agence Fitch a r\u00e9trograd\u00e9 vendredi la note de la dette fran\u00e7aise de AA- \u00e0 A+. \u00c0 quelles cons\u00e9quences concr\u00e8tes faut-il attendre \u00e0 court terme\u00a0?<\/strong><\/p>\n<p class=\"fig-paragraph\"><strong>PHILIPPE DESSERTINE.<\/strong><strong> &#8211;<\/strong> La note repr\u00e9sente\u2026<\/p>\n<p class=\"fig-premium-paywall__infos\">\n        Cet article est r\u00e9serv\u00e9 aux abonn\u00e9s.        Il vous reste 90% \u00e0 d\u00e9couvrir.\n    <\/p>\n<p>                <img  data- alt=\"Le Figaro\" class=\"fig-img--complete fig-img\"\/><\/p>\n<p class=\"fig-premium-paywall__title\">Vous avez envie de lire la suite ?<\/p>\n<p class=\"fig-premium-paywall__subtitle\">D\u00e9bloquez tous les articles imm\u00e9diatement.<\/p>\n<p class=\"fig-premium-paywall__connect\">\n                D\u00e9j\u00e0 abonn\u00e9\u00a0?                <a class=\"fig-premium-paywall__connect-link\" href=\"https:\/\/connect.lefigaro.fr\/login?client=horizon_web&amp;type=main&amp;redirect_uri=https%3A%2F%2Fwww.lefigaro.fr%2Fconjoncture%2Fphilippe-dessertine-personne-n-a-le-courage-de-faire-le-sale-boulot-pour-s-attaquer-a-la-dette-20250913\" data-js-gtm=\"{&quot;customCategorie&quot;: &quot;conversion&quot;, &quot;customAction&quot;: &quot;before_Landing_Connexion_paywall_manuel&quot;, &quot;customLabel&quot;: &quot;bGVmaWdhcm8uZnJfXzFmMDkwNzY4LTcwZjAtNjNjYy1iOTQ1LTNiMGJiOGE0ZWQ2Nl9fTmV3c0ZsYXNo_Philippe Dessertine\u00a0: \u00abPersonne n\u2019a le courage de faire le sale boulot\u00bb pour s\u2019attaquer \u00e0 la dette_37&quot;, &quot;customIDSPE&quot;: &quot;bGVmaWdhcm8uZnJfXzFmMDkwNzY4LTcwZjAtNjNjYy1iOTQ1LTNiMGJiOGE0ZWQ2Nl9fTmV3c0ZsYXNo&quot;, &quot;event&quot;: &quot;customEventSPE&quot;}\" target=\"_blank\" rel=\"noopener\"><br \/>\n                    Connectez-vous<br \/>\n                <\/a>\n            <\/p>\n","protected":false},"excerpt":{"rendered":"ENTRETIEN &#8211; Apr\u00e8s la d\u00e9gradation de la note souveraine de la France par Fitch, passant de AA- \u00e0&hellip;\n","protected":false},"author":2,"featured_media":388984,"comment_status":"","ping_status":"","sticky":false,"template":"","format":"standard","meta":{"footnotes":""},"categories":[6],"tags":[35,6327,33,34,34558,1011,27],"class_list":{"0":"post-388983","1":"post","2":"type-post","3":"status-publish","4":"format-standard","5":"has-post-thumbnail","7":"category-economie","8":"tag-business","9":"tag-dette","10":"tag-economie","11":"tag-economy","12":"tag-fitch","13":"tag-fr","14":"tag-france"},"share_on_mastodon":{"url":"https:\/\/pubeurope.com\/@fr\/115199630793065751","error":""},"_links":{"self":[{"href":"https:\/\/www.europesays.com\/fr\/wp-json\/wp\/v2\/posts\/388983","targetHints":{"allow":["GET"]}}],"collection":[{"href":"https:\/\/www.europesays.com\/fr\/wp-json\/wp\/v2\/posts"}],"about":[{"href":"https:\/\/www.europesays.com\/fr\/wp-json\/wp\/v2\/types\/post"}],"author":[{"embeddable":true,"href":"https:\/\/www.europesays.com\/fr\/wp-json\/wp\/v2\/users\/2"}],"replies":[{"embeddable":true,"href":"https:\/\/www.europesays.com\/fr\/wp-json\/wp\/v2\/comments?post=388983"}],"version-history":[{"count":0,"href":"https:\/\/www.europesays.com\/fr\/wp-json\/wp\/v2\/posts\/388983\/revisions"}],"wp:featuredmedia":[{"embeddable":true,"href":"https:\/\/www.europesays.com\/fr\/wp-json\/wp\/v2\/media\/388984"}],"wp:attachment":[{"href":"https:\/\/www.europesays.com\/fr\/wp-json\/wp\/v2\/media?parent=388983"}],"wp:term":[{"taxonomy":"category","embeddable":true,"href":"https:\/\/www.europesays.com\/fr\/wp-json\/wp\/v2\/categories?post=388983"},{"taxonomy":"post_tag","embeddable":true,"href":"https:\/\/www.europesays.com\/fr\/wp-json\/wp\/v2\/tags?post=388983"}],"curies":[{"name":"wp","href":"https:\/\/api.w.org\/{rel}","templated":true}]}}