{"id":388989,"date":"2025-09-13T23:42:19","date_gmt":"2025-09-13T23:42:19","guid":{"rendered":"https:\/\/www.europesays.com\/fr\/388989\/"},"modified":"2025-09-13T23:42:19","modified_gmt":"2025-09-13T23:42:19","slug":"les-premiers-renvois-de-migrants-auront-lieu-au-cours-de-la-semaine-prochaine-2","status":"publish","type":"post","link":"https:\/\/www.europesays.com\/fr\/388989\/","title":{"rendered":"les premiers renvois de migrants auront lieu au cours de la semaine prochaine"},"content":{"rendered":"<p>Les premiers renvois de <a href=\"https:\/\/www.20minutes.fr\/dossier\/migrants\" class=\"c-link c-link--is-underlined\" target=\"_blank\" rel=\"noopener\">migrants<\/a> entre la <a href=\"https:\/\/www.20minutes.fr\/france\/\" class=\"c-link c-link--is-underlined\" target=\"_blank\" rel=\"noopener\">France<\/a> et le <a href=\"https:\/\/www.20minutes.fr\/monde\/royaume-uni\/\" class=\"c-link c-link--is-underlined\" target=\"_blank\" rel=\"noopener\">Royaume-Uni<\/a>, dans le cadre de l\u2019accord migratoire conclu en juillet sur le principe du \u00ab\u00a0un pour un\u00a0\u00bb, auront lieu \u00e0 compter de la semaine prochaine, a appris l\u2019AFP samedi aupr\u00e8s des autorit\u00e9s fran\u00e7aises.<\/p>\n<p>\u00ab\u00a0Quelques individus\u00a0\u00bb concern\u00e9s<\/p>\n<p>Les premiers renvois de migrants du Royaume-Uni vers la France par avion auront lieu \u00ab\u00a0en d\u00e9but de semaine prochaine\u00a0\u00bb, et seul l\u2019a\u00e9roport parisien de <a href=\"https:\/\/www.20minutes.fr\/dossier\/roissy\" class=\"c-link c-link--is-underlined\" target=\"_blank\" rel=\"noopener\">Roissy<\/a> sera concern\u00e9, a indiqu\u00e9 \u00e0 l\u2019AFP une source a\u00e9roportuaire fran\u00e7aise. Dans l\u2019autre sens, les premiers d\u00e9parts depuis la France auront lieu \u00e0 compter de \u00ab\u00a0samedi prochain\u00a0\u00bb, a indiqu\u00e9 \u00e0 l\u2019AFP le minist\u00e8re fran\u00e7ais de l\u2019Int\u00e9rieur.<\/p>\n<p>Au Royaume-Uni, le Home Office a lui aussi affirm\u00e9 \u00e0 l\u2019<a href=\"https:\/\/www.20minutes.fr\/dossier\/afp\" class=\"c-link c-link--is-underlined\" target=\"_blank\" rel=\"noopener\">AFP<\/a> qu\u2019il s\u2019attendait \u00e0 ce que \u00ab\u00a0les premiers retours aient lieu de fa\u00e7on imminente\u00a0\u00bb. \u00ab\u00a0Prot\u00e9ger les fronti\u00e8res britanniques est notre priorit\u00e9\u00a0\u00bb, a-t-on ajout\u00e9 de m\u00eame source.<\/p>\n<p>Selon le minist\u00e8re fran\u00e7ais de l\u2019Int\u00e9rieur, \u00ab\u00a0cela ne concernera pour le moment que quelques individus\u00a0\u00bb. \u00ab\u00a0On pourra interrompre l\u2019accord si on ne s\u2019y retrouve pas\u00a0\u00bb, a-t-on ajout\u00e9 de m\u00eame source, en insistant sur \u00ab\u00a0le c\u00f4t\u00e9 encore tr\u00e8s exp\u00e9rimental de cet accord\u00a0\u00bb.<\/p>\n<p>\u00ab\u00a0Un effet dissuasif\u00a0\u00bb<\/p>\n<p>L\u2019accord franco-britannique conclu le 10\u00a0juillet pr\u00e9voit le renvoi en France de migrants arriv\u00e9s au Royaume-Uni en traversant la <a href=\"https:\/\/www.20minutes.fr\/manche-mer\/\" class=\"c-link c-link--is-underlined\" target=\"_blank\" rel=\"noopener\">Manche<\/a> depuis les c\u00f4tes fran\u00e7aises par \u00ab\u00a0small boats\u00a0\u00bb, ces embarcations de fortune qu\u2019ils utilisent. Pour chaque migrant renvoy\u00e9 en France, <a href=\"https:\/\/www.20minutes.fr\/dossier\/londres\" class=\"c-link c-link--is-underlined\" target=\"_blank\" rel=\"noopener\">Londres<\/a> s\u2019est engag\u00e9 \u00e0 accepter une personne se trouvant dans l\u2019Hexagone et ayant fait une demande sur une plateforme en ligne.<\/p>\n<\/p>\n<p>L\u2019objectif de cet accord pilote \u00ab\u00a0est d\u2019exercer un effet dissuasif sur les travers\u00e9es, d\u2019une part en ouvrant une voie d\u2019admission l\u00e9gale pour des personnes souhaitant rejoindre le Royaume-Uni, d\u2019autre part en pr\u00e9voyant la r\u00e9admission en France de ceux qui r\u00e9ussissent la travers\u00e9e\u00a0\u00bb, affirme un d\u00e9cret paru le 11\u00a0ao\u00fbt, qui pr\u00e9cise que les deux proc\u00e9dures \u00ab\u00a0sont vou\u00e9es \u00e0 s\u2019\u00e9quilibrer \u00e0 \u00e9ch\u00e9ance r\u00e9guli\u00e8re\u00a0\u00bb.<\/p>\n","protected":false},"excerpt":{"rendered":"Les premiers renvois de migrants entre la France et le Royaume-Uni, dans le cadre de l\u2019accord migratoire conclu&hellip;\n","protected":false},"author":2,"featured_media":388990,"comment_status":"","ping_status":"","sticky":false,"template":"","format":"standard","meta":{"footnotes":""},"categories":[2],"tags":[47,11,1011,27,14653,1251,12,5161,316,473],"class_list":{"0":"post-388989","1":"post","2":"type-post","3":"status-publish","4":"format-standard","5":"has-post-thumbnail","7":"category-actualites","8":"tag-actualite","9":"tag-actualites","10":"tag-fr","11":"tag-france","12":"tag-manche","13":"tag-migrants","14":"tag-news","15":"tag-normandie","16":"tag-politique","17":"tag-royaume-uni"},"share_on_mastodon":{"url":"https:\/\/pubeurope.com\/@fr\/115199642746080307","error":""},"_links":{"self":[{"href":"https:\/\/www.europesays.com\/fr\/wp-json\/wp\/v2\/posts\/388989","targetHints":{"allow":["GET"]}}],"collection":[{"href":"https:\/\/www.europesays.com\/fr\/wp-json\/wp\/v2\/posts"}],"about":[{"href":"https:\/\/www.europesays.com\/fr\/wp-json\/wp\/v2\/types\/post"}],"author":[{"embeddable":true,"href":"https:\/\/www.europesays.com\/fr\/wp-json\/wp\/v2\/users\/2"}],"replies":[{"embeddable":true,"href":"https:\/\/www.europesays.com\/fr\/wp-json\/wp\/v2\/comments?post=388989"}],"version-history":[{"count":0,"href":"https:\/\/www.europesays.com\/fr\/wp-json\/wp\/v2\/posts\/388989\/revisions"}],"wp:featuredmedia":[{"embeddable":true,"href":"https:\/\/www.europesays.com\/fr\/wp-json\/wp\/v2\/media\/388990"}],"wp:attachment":[{"href":"https:\/\/www.europesays.com\/fr\/wp-json\/wp\/v2\/media?parent=388989"}],"wp:term":[{"taxonomy":"category","embeddable":true,"href":"https:\/\/www.europesays.com\/fr\/wp-json\/wp\/v2\/categories?post=388989"},{"taxonomy":"post_tag","embeddable":true,"href":"https:\/\/www.europesays.com\/fr\/wp-json\/wp\/v2\/tags?post=388989"}],"curies":[{"name":"wp","href":"https:\/\/api.w.org\/{rel}","templated":true}]}}