{"id":389010,"date":"2025-09-13T23:57:15","date_gmt":"2025-09-13T23:57:15","guid":{"rendered":"https:\/\/www.europesays.com\/fr\/389010\/"},"modified":"2025-09-13T23:57:15","modified_gmt":"2025-09-13T23:57:15","slug":"le-gouvernement-renonce-a-supprimer-des-feries-bon-debut-mais-pas-suffisant-pour-la-cgt-et-la","status":"publish","type":"post","link":"https:\/\/www.europesays.com\/fr\/389010\/","title":{"rendered":"Le gouvernement renonce \u00e0 supprimer des f\u00e9ri\u00e9s\u00a0: bon d\u00e9but mais pas suffisant pour la CGT et la"},"content":{"rendered":"<p>Le nouveau Premier ministre S\u00e9bastien Lecornu a annonc\u00e9 ce samedi 13\u00a0septembre 2025 <a href=\"https:\/\/rennes.maville.com\/actu\/actudet_-entretien.-je-retire-la-suppression-de-deux-jours-feries-annonce-sebastien-lecornu-a-ouest-france-_54135-6974241_actu.Htm\" target=\"_self\" rel=\"noopener\">qu\u2019il renon\u00e7ait \u00e0 la suppression de deux jours f\u00e9ri\u00e9s<\/a>\u00a0<a href=\"https:\/\/rennes.maville.com\/actu\/actudet_-budget-2026-le-gouvernement-propose-de-supprimer-deux-jours-feries-le-lundi-de-paques-et-le-8-mai-_54135-6901054_actu.Htm\" target=\"_self\" rel=\"noopener\">comme\u00a0l\u2019avait envisag\u00e9 son pr\u00e9d\u00e9cesseur Fran\u00e7ois Bayrou<\/a>.<\/p>\n<p>Marylise L\u00e9on, secr\u00e9taire g\u00e9n\u00e9rale de la CFDT, premier syndicat de France, a salu\u00e9 \u00a0une premi\u00e8re bonne nouvelle\u00a0. \u00a0Il reste beaucoup \u00e0 faire pour \u00e9quilibrer le budget\u00a0, a-t-elle cependant nuanc\u00e9 \u00e0 l\u2019AFP.<\/p>\n<p>\u00a0C\u2019est une premi\u00e8re victoire, \u00e7a confirme que nous sommes en position de force et \u00e7a nous motive encore plus pour renforcer la gr\u00e8ve et les manifestations du 18\u00a0septembre\u00a0, a r\u00e9agi de son c\u00f4t\u00e9 Sophie Binet.<\/p>\n<p><strong>Lire aussi :<\/strong>\u00a0<a href=\"https:\/\/rennes.maville.com\/actu\/actudet_-entretien.-sophie-binet-de-la-cgt-le-18-septembre-c-est-le-rendez-vous-a-ne-pas-louper-_54135-6973023_actu.Htm\" target=\"_self\" rel=\"noopener\">ENTRETIEN. Sophie Binet de la CGT : \u00ab Le 18 septembre, c\u2019est le rendez-vous \u00e0 ne pas louper \u00bb<\/a><\/p>\n<p>\u00a0Nous voulons battre le fer pendant qu\u2019il est chaud, envoyer l\u2019ensemble du mus\u00e9e des horreurs du budget Bayrou aux oubliettes de l\u2019histoire et imposer nos priorit\u00e9s &#8211; \u00e0 savoir la justice fiscale, l\u2019abrogation de la r\u00e9forme des retraites, de l\u2019argent pour nos services publics et l\u2019augmentation des salaires et des pensions\u00a0, a-t-elle \u00e9num\u00e9r\u00e9.<\/p>\n<p>\u00ab\u00a0Toutes les autres mesures antisociales doivent \u00eatre annul\u00e9es\u00a0\u00bb<\/p>\n<p>Ce retrait n\u2019est donc \u00a0absolument pas suffisant\u00a0 \u00e0 ses yeux\u00a0: \u00a0si le Premier ministre pense que le compte sera bon [\u2026], il se met le doigt dans l\u2019\u0153il\u00a0.<\/p>\n<p>\u00a0C\u2019est la premi\u00e8re fois depuis huit ans de macronisme qu\u2019on est \u00e0 ce niveau de col\u00e8re sociale, donc \u00e9videmment c\u2019est bien d\u2019arr\u00eater de vouloir nous voler deux jours de travail mais l\u00e0 c\u2019est toutes les autres mesures antisociales qui doivent \u00eatre annul\u00e9es\u00a0, a dit Sophie Binet. Elle avait averti plus t\u00f4t dans la journ\u00e9e qu\u2019elle attendait \u00a0des actes imm\u00e9diats\u00a0, notamment sur la r\u00e9forme des retraites, de la part du Premier ministre.<\/p>\n<p>Confirmant qu\u2019elle serait re\u00e7ue par S\u00e9bastien Lecornu \u00a0lundi \u00e0 11\u00a0h\u00a0, la responsable syndicale a affirm\u00e9 \u00e0 la F\u00eate de l\u2019Humanit\u00e9 que pour cette rencontre \u00a0on va faire un QCM avec deux possibilit\u00e9s, oui, non\u00a0.<\/p>\n<p>\u00a0On va poser des questions tr\u00e8s simples. Jour f\u00e9ri\u00e9\u00a0: oui, non, d\u00e9sindexation des retraites\u00a0: oui, non, suppression des postes de fonctionnaires\u00a0: oui, non, abrogation de la r\u00e9forme des retraites\u00a0: oui, non\u00a0, a-t-elle \u00e9num\u00e9r\u00e9. \u00a0\u00c0 la sortie, d\u00e8s lors qu\u2019on n\u2019aura pas eu oui, \u00e7a voudra dire non, et qu\u2019il faudra se mobiliser encore plus massivement\u00a0 , a-t-elle ajout\u00e9.<\/p>\n<p>\u00ab\u00a0La suspension de la r\u00e9forme des retraites est imp\u00e9rative\u00a0\u00bb<\/p>\n<p>S\u00e9bastien Lecornu avait promis \u00a0des ruptures\u00a0 mardi, lors de sa premi\u00e8re allocution en tant que Premier ministre. Il a commenc\u00e9 vendredi \u00e0 consulter les partenaires sociaux, ouvrant le bal avec la CFDT qui a elle aussi r\u00e9clam\u00e9 des preuves de \u00a0rupture\u00a0 avec les orientations budg\u00e9taires du gouvernement sortant.<\/p>\n<p><strong>Lire aussi :<\/strong>\u00a0<a href=\"https:\/\/rennes.maville.com\/actu\/actudet_-suppression-de-deux-jours-feries-retour-en-actes-sur-un-projet-controverse-et-desormais-abandonne-_54135-6974351_actu.Htm\" target=\"_self\" rel=\"noopener\">Suppression de deux jours f\u00e9ri\u00e9s : retour en actes sur un projet controvers\u00e9 et d\u00e9sormais abandonn\u00e9<\/a><\/p>\n<p>\u00a0La suspension de la r\u00e9forme des retraites est imp\u00e9rative\u00a0, a de nouveau estim\u00e9 samedi Marylise L\u00e9on. \u00a0Nous l\u2019avions demand\u00e9 avant le d\u00e9but des discussions en d\u00e9but d\u2019ann\u00e9e, nos conditions n\u2019ont pas chang\u00e9 et le d\u00e9bat doit avoir lieu au Parlement\u00a0, a-t-elle dit.<\/p>\n<p>\u00a0<\/p>\n","protected":false},"excerpt":{"rendered":"Le nouveau Premier ministre S\u00e9bastien Lecornu a annonc\u00e9 ce samedi 13\u00a0septembre 2025 qu\u2019il renon\u00e7ait \u00e0 la suppression de&hellip;\n","protected":false},"author":2,"featured_media":389011,"comment_status":"","ping_status":"","sticky":false,"template":"","format":"standard","meta":{"footnotes":""},"categories":[2821],"tags":[1111,11,829,1270,1271,1869,1777,674,40167,1011,27,418,12,584,27701,25,52130,7323],"class_list":{"0":"post-389010","1":"post","2":"type-post","3":"status-publish","4":"format-standard","5":"has-post-thumbnail","7":"category-rennes","8":"tag-actu","9":"tag-actualites","10":"tag-bretagne","11":"tag-cfdt","12":"tag-cgt","13":"tag-debut","14":"tag-eu","15":"tag-europe","16":"tag-feries","17":"tag-fr","18":"tag-france","19":"tag-gouvernement","20":"tag-news","21":"tag-rennes","22":"tag-renonce","23":"tag-republique-francaise","24":"tag-suffisant","25":"tag-supprimer"},"share_on_mastodon":{"url":"https:\/\/pubeurope.com\/@fr\/115199701668719188","error":""},"_links":{"self":[{"href":"https:\/\/www.europesays.com\/fr\/wp-json\/wp\/v2\/posts\/389010","targetHints":{"allow":["GET"]}}],"collection":[{"href":"https:\/\/www.europesays.com\/fr\/wp-json\/wp\/v2\/posts"}],"about":[{"href":"https:\/\/www.europesays.com\/fr\/wp-json\/wp\/v2\/types\/post"}],"author":[{"embeddable":true,"href":"https:\/\/www.europesays.com\/fr\/wp-json\/wp\/v2\/users\/2"}],"replies":[{"embeddable":true,"href":"https:\/\/www.europesays.com\/fr\/wp-json\/wp\/v2\/comments?post=389010"}],"version-history":[{"count":0,"href":"https:\/\/www.europesays.com\/fr\/wp-json\/wp\/v2\/posts\/389010\/revisions"}],"wp:featuredmedia":[{"embeddable":true,"href":"https:\/\/www.europesays.com\/fr\/wp-json\/wp\/v2\/media\/389011"}],"wp:attachment":[{"href":"https:\/\/www.europesays.com\/fr\/wp-json\/wp\/v2\/media?parent=389010"}],"wp:term":[{"taxonomy":"category","embeddable":true,"href":"https:\/\/www.europesays.com\/fr\/wp-json\/wp\/v2\/categories?post=389010"},{"taxonomy":"post_tag","embeddable":true,"href":"https:\/\/www.europesays.com\/fr\/wp-json\/wp\/v2\/tags?post=389010"}],"curies":[{"name":"wp","href":"https:\/\/api.w.org\/{rel}","templated":true}]}}