{"id":389018,"date":"2025-09-14T00:02:11","date_gmt":"2025-09-14T00:02:11","guid":{"rendered":"https:\/\/www.europesays.com\/fr\/389018\/"},"modified":"2025-09-14T00:02:11","modified_gmt":"2025-09-14T00:02:11","slug":"previsions-du-dimanche-14-septembre-2025-3","status":"publish","type":"post","link":"https:\/\/www.europesays.com\/fr\/389018\/","title":{"rendered":"pr\u00e9visions du dimanche 14 septembre 2025"},"content":{"rendered":"<p>C&rsquo;est un soleil \u00e9clatant qui va se montrer aujourd&rsquo;hui sur Nice. Les temp\u00e9ratures avoisineront les 20\u00b0C. Un petit vent de sud-est soufflera. Il fera 20\u00b0C en moyenne le matin. Les valeurs afficheront entre 20 et 22\u00b0C l&rsquo;apr\u00e8s-midi. Le temps devrait s&rsquo;am\u00e9liorer durant la soir\u00e9e. On pr\u00e9voit des temp\u00e9ratures avoisinant 20\u00b0C. Un ciel d\u00e9pourvu de nuages est \u00e0 pr\u00e9voir dans la nuit entre dimanche et lundi.<\/p>\n<p>Demain, les Ni\u00e7ois vont pouvoir profiter d&rsquo;un soleil magnifique. Une m\u00e9t\u00e9o plus chaude est attendue \u00e9tant donn\u00e9 que les temp\u00e9ratures vont enregistrer une hausse. Les valeurs seront comprises entre 19 et 23\u00b0C. Une modeste brise de nord-ouest sera ressentie par les habitants. Dans la matin\u00e9e, les temp\u00e9ratures avoisineront les 22\u00b0C. Les valeurs s&rsquo;\u00e9chelonneront de 21 \u00e0 23\u00b0C sur l&rsquo;ensemble de l&rsquo;apr\u00e8s-midi. Demain soir, le vent va progressivement chasser les nuages. Les valeurs s&rsquo;\u00e9chelonneront entre 20 et 21\u00b0C.<\/p>\n<p>Le temps restera inchang\u00e9 les prochains jours. Le temps sera ensoleill\u00e9 avec des temp\u00e9ratures d&rsquo;environ 23\u00b0C.<\/p>\n<p><\/p>\n","protected":false},"excerpt":{"rendered":"C&rsquo;est un soleil \u00e9clatant qui va se montrer aujourd&rsquo;hui sur Nice. Les temp\u00e9ratures avoisineront les 20\u00b0C. Un petit&hellip;\n","protected":false},"author":2,"featured_media":389019,"comment_status":"","ping_status":"","sticky":false,"template":"","format":"standard","meta":{"footnotes":""},"categories":[2819],"tags":[1111,11,2898,1777,674,1011,27,12,2401,883,2119,882,25],"class_list":{"0":"post-389018","1":"post","2":"type-post","3":"status-publish","4":"format-standard","5":"has-post-thumbnail","7":"category-nice","8":"tag-actu","9":"tag-actualites","10":"tag-alpes-maritimes","11":"tag-eu","12":"tag-europe","13":"tag-fr","14":"tag-france","15":"tag-news","16":"tag-nice","17":"tag-paca","18":"tag-previsions-meteo","19":"tag-provence-alpes-cote-dazur","20":"tag-republique-francaise"},"share_on_mastodon":{"url":"","error":""},"_links":{"self":[{"href":"https:\/\/www.europesays.com\/fr\/wp-json\/wp\/v2\/posts\/389018","targetHints":{"allow":["GET"]}}],"collection":[{"href":"https:\/\/www.europesays.com\/fr\/wp-json\/wp\/v2\/posts"}],"about":[{"href":"https:\/\/www.europesays.com\/fr\/wp-json\/wp\/v2\/types\/post"}],"author":[{"embeddable":true,"href":"https:\/\/www.europesays.com\/fr\/wp-json\/wp\/v2\/users\/2"}],"replies":[{"embeddable":true,"href":"https:\/\/www.europesays.com\/fr\/wp-json\/wp\/v2\/comments?post=389018"}],"version-history":[{"count":0,"href":"https:\/\/www.europesays.com\/fr\/wp-json\/wp\/v2\/posts\/389018\/revisions"}],"wp:featuredmedia":[{"embeddable":true,"href":"https:\/\/www.europesays.com\/fr\/wp-json\/wp\/v2\/media\/389019"}],"wp:attachment":[{"href":"https:\/\/www.europesays.com\/fr\/wp-json\/wp\/v2\/media?parent=389018"}],"wp:term":[{"taxonomy":"category","embeddable":true,"href":"https:\/\/www.europesays.com\/fr\/wp-json\/wp\/v2\/categories?post=389018"},{"taxonomy":"post_tag","embeddable":true,"href":"https:\/\/www.europesays.com\/fr\/wp-json\/wp\/v2\/tags?post=389018"}],"curies":[{"name":"wp","href":"https:\/\/api.w.org\/{rel}","templated":true}]}}