{"id":389022,"date":"2025-09-14T00:05:17","date_gmt":"2025-09-14T00:05:17","guid":{"rendered":"https:\/\/www.europesays.com\/fr\/389022\/"},"modified":"2025-09-14T00:05:17","modified_gmt":"2025-09-14T00:05:17","slug":"une-voiture-sest-embrasee-dans-le-box-dun-parking-souterrain-au-sud-de-nantes-ce-samedi","status":"publish","type":"post","link":"https:\/\/www.europesays.com\/fr\/389022\/","title":{"rendered":"Une voiture s\u2019est embras\u00e9e dans le box d\u2019un parking souterrain au sud de Nantes ce samedi"},"content":{"rendered":"<p>De nombreux pompiers ont converg\u00e9 vers le square Emile Blandin, \u00e0 <a href=\"https:\/\/nantes.maville.com\/pays-de-la-loire\/loire-atlantique\/reze\/\" target=\"_blank\" rel=\"nofollow noopener\">Rez\u00e9,<\/a> ce samedi apr\u00e8s-midi.<\/p>\n<p>Dans un parking souterrain, vers 17\u00a0h\u00a030, une voiture s\u2019est embras\u00e9e dans un box, selon le Service d\u00e9partemental d\u2019incendie et de secours de Loire-Atlantique.<\/p>\n<p>Les lieux ont \u00e9t\u00e9 ventil\u00e9s<\/p>\n<p>Les soldats du feu ont pass\u00e9 un long moment sur les lieux, qu\u2019il a fallu ventiler. Aucune autre voiture n\u2019aurait pris feu, selon les informations transmises \u00e0 21\u00a0h\u00a030 ce samedi.<\/p>\n<p>Les causes du sinistre restent \u00e0 d\u00e9terminer.<\/p>\n<p>\u00a0<\/p>\n","protected":false},"excerpt":{"rendered":"De nombreux pompiers ont converg\u00e9 vers le square Emile Blandin, \u00e0 Rez\u00e9, ce samedi apr\u00e8s-midi. Dans un parking&hellip;\n","protected":false},"author":2,"featured_media":389023,"comment_status":"","ping_status":"","sticky":false,"template":"","format":"standard","meta":{"footnotes":""},"categories":[2818],"tags":[1111,11,20251,52131,1777,674,1011,27,766,12,16025,2636,25,3982,19861,7053,4752],"class_list":{"0":"post-389022","1":"post","2":"type-post","3":"status-publish","4":"format-standard","5":"has-post-thumbnail","7":"category-nantes","8":"tag-actu","9":"tag-actualites","10":"tag-box","11":"tag-embrasee","12":"tag-eu","13":"tag-europe","14":"tag-fr","15":"tag-france","16":"tag-nantes","17":"tag-news","18":"tag-parking","19":"tag-pays-de-la-loire","20":"tag-republique-francaise","21":"tag-samedi","22":"tag-souterrain","23":"tag-sud","24":"tag-voiture"},"share_on_mastodon":{"url":"https:\/\/pubeurope.com\/@fr\/115199732825163233","error":""},"_links":{"self":[{"href":"https:\/\/www.europesays.com\/fr\/wp-json\/wp\/v2\/posts\/389022","targetHints":{"allow":["GET"]}}],"collection":[{"href":"https:\/\/www.europesays.com\/fr\/wp-json\/wp\/v2\/posts"}],"about":[{"href":"https:\/\/www.europesays.com\/fr\/wp-json\/wp\/v2\/types\/post"}],"author":[{"embeddable":true,"href":"https:\/\/www.europesays.com\/fr\/wp-json\/wp\/v2\/users\/2"}],"replies":[{"embeddable":true,"href":"https:\/\/www.europesays.com\/fr\/wp-json\/wp\/v2\/comments?post=389022"}],"version-history":[{"count":0,"href":"https:\/\/www.europesays.com\/fr\/wp-json\/wp\/v2\/posts\/389022\/revisions"}],"wp:featuredmedia":[{"embeddable":true,"href":"https:\/\/www.europesays.com\/fr\/wp-json\/wp\/v2\/media\/389023"}],"wp:attachment":[{"href":"https:\/\/www.europesays.com\/fr\/wp-json\/wp\/v2\/media?parent=389022"}],"wp:term":[{"taxonomy":"category","embeddable":true,"href":"https:\/\/www.europesays.com\/fr\/wp-json\/wp\/v2\/categories?post=389022"},{"taxonomy":"post_tag","embeddable":true,"href":"https:\/\/www.europesays.com\/fr\/wp-json\/wp\/v2\/tags?post=389022"}],"curies":[{"name":"wp","href":"https:\/\/api.w.org\/{rel}","templated":true}]}}