{"id":389024,"date":"2025-09-14T00:06:12","date_gmt":"2025-09-14T00:06:12","guid":{"rendered":"https:\/\/www.europesays.com\/fr\/389024\/"},"modified":"2025-09-14T00:06:12","modified_gmt":"2025-09-14T00:06:12","slug":"loire-atlantique-futsal-d1-nantes-simpose-dans-un-match-fou-face-a-avion-sport","status":"publish","type":"post","link":"https:\/\/www.europesays.com\/fr\/389024\/","title":{"rendered":"Loire Atlantique &#8211; Futsal. D1 : Nantes s\u2019impose dans un match fou face \u00e0 Avion . Sport"},"content":{"rendered":"<p>Pour <a href=\"https:\/\/nantes.maville.com\/sport\/detail_-futsal.-face-a-avion-nantes-veut-s-installer-dans-ses-meubles-_8-6972991_actu.Htm\" target=\"_self\" rel=\"noopener\">leur premi\u00e8re \u00e0 domicile de la saison<\/a>, les \u00c9l\u00e9phants ont offert une soir\u00e9e inoubliable \u00e0 leur public, samedi 13\u00a0septembre 2025. Dans sa nouvelle salle, le Nantes M\u00e9tropole Futsal a battu Avion (6-5) au terme d\u2019un match compl\u00e8tement fou.<\/p>\n<p>Tout avait pourtant bien commenc\u00e9 pour les Nantais avec l\u2019ouverture du score rapide de Soukouna (2\u2019). Mais Avion a imm\u00e9diatement r\u00e9pondu par Zahry (3\u2019), donnant le ton d\u2019une rencontre o\u00f9 rien ne serait simple.<\/p>\n<p>Les \u00c9l\u00e9phants pensaient se donner de l\u2019air gr\u00e2ce \u00e0 Valdelvira (7\u2019) et De Sa Andrade (18\u2019), mais Avion n\u2019a jamais abdiqu\u00e9, revenant \u00e0 chaque fois gr\u00e2ce \u00e0 Zahry encore (17\u2019) puis Charady (26\u2019).<\/p>\n<p>Le mental nantais a parl\u00e9<\/p>\n<p>Apr\u00e8s la pause, Nantes a continu\u00e9 d\u2019appuyer, port\u00e9 par Napoles (29\u2019) puis par un nouveau but de Soukouna (38\u2019). Mais l\u00e0 encore, Rabou frappait deux fois (29\u2019, 32\u2019) pour Avion, ramenant son \u00e9quipe \u00e0 hauteur et semant le doute. \u00a0Je suis fier de mon \u00e9quipe ce soir car ils ont su montrer du caract\u00e8re m\u00eame si l\u2019arbitrage \u00e9tait compliqu\u00e9\u00a0, soulignait Fabrice Gacougnolle.<\/p>\n<p>C\u2019est finalement dans la derni\u00e8re minute que le NMF a trouv\u00e9 la d\u00e9livrance, gr\u00e2ce \u00e0 son capitaine Steve Bendali (39\u2019), qui offrait la victoire aux \u00c9l\u00e9phants. \u00a0On a travaill\u00e9 en pr\u00e9paration pour prendre nos rep\u00e8res dans cette nouvelle salle. Mais ce soir, avec cette atmosph\u00e8re, c\u2019est un r\u00eave. Marquer le dernier but ici, devant notre monde, \u00e7a restera\u00a0, souriait le buteur.<\/p>\n<p><strong>Lire aussi\u00a0: <\/strong> <a href=\"https:\/\/nantes.maville.com\/sport\/detail_-futsal.-nantes-arrache-un-nul-au-courage-a-toulon-_8-6963862_actu.Htm\" target=\"_self\" rel=\"noopener\">Futsal. Nantes arrache un nul au courage \u00e0 Toulon<\/a><\/p>\n<p>Si tout n\u2019a pas \u00e9t\u00e9 parfait, ce succ\u00e8s au forceps offre au NMF plus qu\u2019un simple r\u00e9sultat. Il apporte une dose de confiance et renforce la coh\u00e9sion du groupe. \u00a0C\u2019est une magnifique victoire, dans un match \u00e0 retournement contre une tr\u00e8s belle \u00e9quipe d\u2019Avion\u00a0, concluait Fabrice Gacougnolle.<\/p>\n<p>Avec ce premier succ\u00e8s arrach\u00e9 au courage, Nantes lance donc sa saison. Rendez-vous dans deux semaines avec un d\u00e9placement dans l\u2019est de France contre le FC Kingersheim, le dimanche 27\u00a0septembre \u00e0 16\u00a0h\u00a030.<\/p>\n<p>La fiche technique<\/p>\n<p><strong>NANTES &#8211; AVION\u00a0: 6-5 <\/strong>(3-2)<\/p>\n<p>Arbitres\u00a0: MM Deidda &amp; Hallou<\/p>\n<p><strong>BUTS.<\/strong> Nantes\u00a0: Soukouna (2\u2019, 38\u2019), Valdelvira (7\u2019), De Sa Andrade (18\u2019), Napoles (29\u2019), Bendali (39\u2019)\u00a0; Avion\u00a0: Zahry (3\u2019, 17\u2019), Charady (26\u2019), Rabou (29\u2019, 32\u2019).<\/p>\n<p>\u00a0<\/p>\n","protected":false},"excerpt":{"rendered":"Pour leur premi\u00e8re \u00e0 domicile de la saison, les \u00c9l\u00e9phants ont offert une soir\u00e9e inoubliable \u00e0 leur public,&hellip;\n","protected":false},"author":2,"featured_media":389025,"comment_status":"","ping_status":"","sticky":false,"template":"","format":"standard","meta":{"footnotes":""},"categories":[2818],"tags":[1111,11,3809,1465,5492,1777,674,63,1011,27,1792,1922,766,12,2636,25,479,517,1470],"class_list":{"0":"post-389024","1":"post","2":"type-post","3":"status-publish","4":"format-standard","5":"has-post-thumbnail","7":"category-nantes","8":"tag-actu","9":"tag-actualites","10":"tag-ball","11":"tag-basket","12":"tag-caen","13":"tag-eu","14":"tag-europe","15":"tag-football","16":"tag-fr","17":"tag-france","18":"tag-handball","19":"tag-info","20":"tag-nantes","21":"tag-news","22":"tag-pays-de-la-loire","23":"tag-republique-francaise","24":"tag-rugby","25":"tag-sport","26":"tag-volley"},"share_on_mastodon":{"url":"https:\/\/pubeurope.com\/@fr\/115199736727656283","error":""},"_links":{"self":[{"href":"https:\/\/www.europesays.com\/fr\/wp-json\/wp\/v2\/posts\/389024","targetHints":{"allow":["GET"]}}],"collection":[{"href":"https:\/\/www.europesays.com\/fr\/wp-json\/wp\/v2\/posts"}],"about":[{"href":"https:\/\/www.europesays.com\/fr\/wp-json\/wp\/v2\/types\/post"}],"author":[{"embeddable":true,"href":"https:\/\/www.europesays.com\/fr\/wp-json\/wp\/v2\/users\/2"}],"replies":[{"embeddable":true,"href":"https:\/\/www.europesays.com\/fr\/wp-json\/wp\/v2\/comments?post=389024"}],"version-history":[{"count":0,"href":"https:\/\/www.europesays.com\/fr\/wp-json\/wp\/v2\/posts\/389024\/revisions"}],"wp:featuredmedia":[{"embeddable":true,"href":"https:\/\/www.europesays.com\/fr\/wp-json\/wp\/v2\/media\/389025"}],"wp:attachment":[{"href":"https:\/\/www.europesays.com\/fr\/wp-json\/wp\/v2\/media?parent=389024"}],"wp:term":[{"taxonomy":"category","embeddable":true,"href":"https:\/\/www.europesays.com\/fr\/wp-json\/wp\/v2\/categories?post=389024"},{"taxonomy":"post_tag","embeddable":true,"href":"https:\/\/www.europesays.com\/fr\/wp-json\/wp\/v2\/tags?post=389024"}],"curies":[{"name":"wp","href":"https:\/\/api.w.org\/{rel}","templated":true}]}}