{"id":389026,"date":"2025-09-14T00:07:10","date_gmt":"2025-09-14T00:07:10","guid":{"rendered":"https:\/\/www.europesays.com\/fr\/389026\/"},"modified":"2025-09-14T00:07:10","modified_gmt":"2025-09-14T00:07:10","slug":"previsions-du-dimanche-14-septembre-2025-4","status":"publish","type":"post","link":"https:\/\/www.europesays.com\/fr\/389026\/","title":{"rendered":"pr\u00e9visions du dimanche 14 septembre 2025"},"content":{"rendered":"<p>C&rsquo;est sous un ciel maussade que va se d\u00e9rouler la journ\u00e9e. Les nuages se maintiennent sur Bordeaux. Les temp\u00e9ratures iront de 16 \u00e0 23\u00b0C. Toujours de la grisaille le matin. Les nuages vont s&rsquo;attarder. La m\u00e9t\u00e9o sera ponctu\u00e9e par des pluies \u00e9parses. Il fera 18\u00b0C en moyenne. Une l\u00e9g\u00e8re brise de sud-ouest soufflera. Il est possible qu&rsquo;il y ait de petites averses l&rsquo;apr\u00e8s-midi. D&rsquo;un autre c\u00f4t\u00e9, le temps va se r\u00e9chauffer avec une augmentation de quelques degr\u00e9s. Les valeurs s&rsquo;\u00e9chelonneront entre 20\u00b0C et 23\u00b0C. La ville aura quelques \u00e9claircies le soir. Entre dimanche et lundi, la nuit sera brumeuse.<\/p>\n<p>Demain, une diminution du mercure est \u00e0 craindre \u00e0 Bordeaux. On pr\u00e9voit des temp\u00e9ratures avoisinant 19\u00b0C. Un modeste vent de nord-ouest sera ressenti par les habitants. Le matin, le soleil risque d&rsquo;\u00eatre dissimul\u00e9 par des nuages. Des pluies \u00e9parses vont tomber. Les temp\u00e9ratures avoisineront les 20\u00b0C. Le soleil aura du mal \u00e0 percer au milieu de petits nuages qui perdureront dans l&rsquo;apr\u00e8s-midi. Les valeurs seront de 19\u00b0C au minimum et de 21\u00b0C au plus haut. Demain soir, le vent va progressivement \u00e9loigner la grisaille.<\/p>\n<p>Les jours se suivent et se ressemblent. Un ciel ensoleill\u00e9, pour des temp\u00e9ratures de 27\u00b0C environ, est pr\u00e9vu.<\/p>\n<p><\/p>\n","protected":false},"excerpt":{"rendered":"C&rsquo;est sous un ciel maussade que va se d\u00e9rouler la journ\u00e9e. Les nuages se maintiennent sur Bordeaux. Les&hellip;\n","protected":false},"author":2,"featured_media":389027,"comment_status":"","ping_status":"","sticky":false,"template":"","format":"standard","meta":{"footnotes":""},"categories":[2817],"tags":[1111,11,3177,1997,1777,674,1011,27,2905,12,2219,2119,25],"class_list":{"0":"post-389026","1":"post","2":"type-post","3":"status-publish","4":"format-standard","5":"has-post-thumbnail","7":"category-bordeaux","8":"tag-actu","9":"tag-actualites","10":"tag-aquitaine","11":"tag-bordeaux","12":"tag-eu","13":"tag-europe","14":"tag-fr","15":"tag-france","16":"tag-gironde","17":"tag-news","18":"tag-nouvelle-aquitaine","19":"tag-previsions-meteo","20":"tag-republique-francaise"},"share_on_mastodon":{"url":"https:\/\/pubeurope.com\/@fr\/115199740694292250","error":""},"_links":{"self":[{"href":"https:\/\/www.europesays.com\/fr\/wp-json\/wp\/v2\/posts\/389026","targetHints":{"allow":["GET"]}}],"collection":[{"href":"https:\/\/www.europesays.com\/fr\/wp-json\/wp\/v2\/posts"}],"about":[{"href":"https:\/\/www.europesays.com\/fr\/wp-json\/wp\/v2\/types\/post"}],"author":[{"embeddable":true,"href":"https:\/\/www.europesays.com\/fr\/wp-json\/wp\/v2\/users\/2"}],"replies":[{"embeddable":true,"href":"https:\/\/www.europesays.com\/fr\/wp-json\/wp\/v2\/comments?post=389026"}],"version-history":[{"count":0,"href":"https:\/\/www.europesays.com\/fr\/wp-json\/wp\/v2\/posts\/389026\/revisions"}],"wp:featuredmedia":[{"embeddable":true,"href":"https:\/\/www.europesays.com\/fr\/wp-json\/wp\/v2\/media\/389027"}],"wp:attachment":[{"href":"https:\/\/www.europesays.com\/fr\/wp-json\/wp\/v2\/media?parent=389026"}],"wp:term":[{"taxonomy":"category","embeddable":true,"href":"https:\/\/www.europesays.com\/fr\/wp-json\/wp\/v2\/categories?post=389026"},{"taxonomy":"post_tag","embeddable":true,"href":"https:\/\/www.europesays.com\/fr\/wp-json\/wp\/v2\/tags?post=389026"}],"curies":[{"name":"wp","href":"https:\/\/api.w.org\/{rel}","templated":true}]}}