{"id":38903,"date":"2025-04-20T12:46:16","date_gmt":"2025-04-20T12:46:16","guid":{"rendered":"https:\/\/www.europesays.com\/fr\/38903\/"},"modified":"2025-04-20T12:46:16","modified_gmt":"2025-04-20T12:46:16","slug":"usl-dunkerque-luis-castro-apres-grenoble-2-0-il-faut-continuer-avec-les-pieds-au-sol-en-etant-humbles","status":"publish","type":"post","link":"https:\/\/www.europesays.com\/fr\/38903\/","title":{"rendered":"USL Dunkerque &#8211; Luis Castro apr\u00e8s Grenoble (2-0) : \u00ab Il faut continuer avec les pieds au sol, en \u00e9tant humbles \u00bb"},"content":{"rendered":"<p style=\"text-align: justify;\">L\u2019<strong>USL Dunkerque<\/strong> (4e) a d\u00fb faire preuve d\u2019un peu de patience ce vendredi, mais a finalement \u00e9t\u00e9 en mesure de venir \u00e0 bout de Grenoble (9e). L\u2019ouverture du score de Courtet, parfaitement servi par un ext\u00e9rieur du pied d\u00e9licieux de Bardeli, a permis aux Maritimes de se mettre sur les bons rails, avant qu\u2019Al Saad ne vienne sceller le succ\u00e8s des siens en fin de partie.<\/p>\n<p style=\"text-align: justify;\">D\u00e9fait \u00e0 Amiens (10e) la semaine pass\u00e9e, les Nordistes retrouvent ainsi le chemin du succ\u00e8s et en profitent pour prendre six points d\u2019avance sur Guingamp (5e), \u00e9galement vaincu par les Picards (2-3) \u00e0 la Licorne lors du multiplex. L\u2019USLD conforte ainsi une quatri\u00e8me place qui lui permettrait de recevoir son futur adversaire \u00e0 l\u2019occasion du premier tour des play-offs. Et m\u00eame si l\u2019affaire semble tr\u00e8s bien embarqu\u00e9e, le coach dunkerquois, <strong>Luis Castro<\/strong>, pr\u00e9f\u00e8re garder la t\u00eate au d\u00e9placement \u00e0 Troyes (13e) qui attend son \u00e9quipe le week-end prochain.<\/p>\n<p>\u00c0 lire aussi &gt;&gt;\u00a0<a href=\"https:\/\/maligue2.fr\/2025\/04\/18\/ligue-2-j31-dunkerque-reprend-le-large-guingamp-et-clermont-ny-arrivent-plus\/\" target=\"_blank\" rel=\"noopener\">Ligue 2 (J31) \u2013 L\u2019USL Dunkerque reprend le large, Guingamp et Clermont n\u2019y arrivent plus<\/a><\/p>\n<p style=\"text-align: justify;\">\u00ab On m\u00e9rite cette victoire. On avait pu travailler sur une semaine normale avant ce match, respirer un peu. Apr\u00e8s une d\u00e9faite 1-0 (contre Amiens), on a vu une \u00e9quipe concentr\u00e9e. Les joueurs ont bien pris le match [\u2026] C\u2019est Troyes maintenant. Une \u00e9quipe avec beaucoup de bons joueurs, on conna\u00eet le niveau des joueurs achet\u00e9s [\u2026] Il faut <strong>continuer avec les pieds au sol, en \u00e9tant humbles<\/strong>. \u00bb<\/p>\n<p>Source : <a href=\"https:\/\/www.lavoixdunord.fr\/1577250\/article\/2025-04-18\/ligue-2-dunkerque-la-victoire-et-la-belle-option-sur-la-4e-place-en-prime\" target=\"_blank\" rel=\"noopener\">La Voix du Nord<\/a><\/p>\n<p>Photo Anthony Bibard\/FEP\/Icon Sport<\/p>\n","protected":false},"excerpt":{"rendered":"L\u2019USL Dunkerque (4e) a d\u00fb faire preuve d\u2019un peu de patience ce vendredi, mais a finalement \u00e9t\u00e9 en&hellip;\n","protected":false},"author":2,"featured_media":38904,"comment_status":"","ping_status":"","sticky":false,"template":"","format":"standard","meta":{"footnotes":""},"categories":[9566],"tags":[12165,1111,11,2430,920,1777,674,1011,27,2731,12166,12,25],"class_list":{"0":"post-38903","1":"post","2":"type-post","3":"status-publish","4":"format-standard","5":"has-post-thumbnail","7":"category-grenoble","8":"tag-alaune6","9":"tag-actu","10":"tag-actualites","11":"tag-auvergne-rhone-alpes","12":"tag-dunkerque","13":"tag-eu","14":"tag-europe","15":"tag-fr","16":"tag-france","17":"tag-grenoble","18":"tag-luis-manuel-ferreira-de-castro","19":"tag-news","20":"tag-republique-francaise"},"share_on_mastodon":{"url":"https:\/\/pubeurope.com\/@fr\/114370365655798716","error":""},"_links":{"self":[{"href":"https:\/\/www.europesays.com\/fr\/wp-json\/wp\/v2\/posts\/38903","targetHints":{"allow":["GET"]}}],"collection":[{"href":"https:\/\/www.europesays.com\/fr\/wp-json\/wp\/v2\/posts"}],"about":[{"href":"https:\/\/www.europesays.com\/fr\/wp-json\/wp\/v2\/types\/post"}],"author":[{"embeddable":true,"href":"https:\/\/www.europesays.com\/fr\/wp-json\/wp\/v2\/users\/2"}],"replies":[{"embeddable":true,"href":"https:\/\/www.europesays.com\/fr\/wp-json\/wp\/v2\/comments?post=38903"}],"version-history":[{"count":0,"href":"https:\/\/www.europesays.com\/fr\/wp-json\/wp\/v2\/posts\/38903\/revisions"}],"wp:featuredmedia":[{"embeddable":true,"href":"https:\/\/www.europesays.com\/fr\/wp-json\/wp\/v2\/media\/38904"}],"wp:attachment":[{"href":"https:\/\/www.europesays.com\/fr\/wp-json\/wp\/v2\/media?parent=38903"}],"wp:term":[{"taxonomy":"category","embeddable":true,"href":"https:\/\/www.europesays.com\/fr\/wp-json\/wp\/v2\/categories?post=38903"},{"taxonomy":"post_tag","embeddable":true,"href":"https:\/\/www.europesays.com\/fr\/wp-json\/wp\/v2\/tags?post=38903"}],"curies":[{"name":"wp","href":"https:\/\/api.w.org\/{rel}","templated":true}]}}