{"id":389030,"date":"2025-09-14T00:09:11","date_gmt":"2025-09-14T00:09:11","guid":{"rendered":"https:\/\/www.europesays.com\/fr\/389030\/"},"modified":"2025-09-14T00:09:11","modified_gmt":"2025-09-14T00:09:11","slug":"previsions-du-dimanche-14-septembre-2025-5","status":"publish","type":"post","link":"https:\/\/www.europesays.com\/fr\/389030\/","title":{"rendered":"pr\u00e9visions du dimanche 14 septembre 2025"},"content":{"rendered":"<p>Aujourd&rsquo;hui, on pr\u00e9voit pour Toulouse des temp\u00e9ratures d&rsquo;environ 20\u00b0C. Le matin, le vent va peu \u00e0 peu \u00e9loigner la grisaille. Un l\u00e9ger vent de sud soufflera. Le ciel sera couvert dans l&rsquo;apr\u00e8s-midi. En revanche, les temp\u00e9ratures vont enregistrer une augmentation de plusieurs degr\u00e9s. Les valeurs seront comprises entre 22 et 25\u00b0C. Des \u00e9claircies sont attendues : on passera une soir\u00e9e agr\u00e9able. Il fera 20\u00b0C en moyenne. Le passage de dimanche \u00e0 lundi se fera sous un ciel clair.<\/p>\n<p>Demain, c&rsquo;est une hausse de quelques degr\u00e9s que vont conna\u00eetre les temp\u00e9ratures dans la ville de Toulouse. Le mercure affichera 22\u00b0C en moyenne. Un vent de nord-ouest rafra\u00eechira sensiblement l&rsquo;atmosph\u00e8re. Le soleil sera dominant, la promesse d&rsquo;une magnifique matin\u00e9e ! Les temp\u00e9ratures tourneront autour des 21\u00b0C. Le ciel sera assez lumineux, avec quelques \u00e9claircies demain apr\u00e8s-midi. Les temp\u00e9ratures vont monter de plusieurs degr\u00e9s. Les maximales pourront atteindre 27\u00b0C alors que les minimales seront de 24\u00b0C. Demain soir, des nuages se montreront.<\/p>\n<p>Des changements sont annonc\u00e9s les prochains jours. Mardi, les conditions m\u00e9t\u00e9orologiques seront nuageuses tandis qu&rsquo;une am\u00e9lioration est pr\u00e9vue mercredi.<\/p>\n<p><\/p>\n","protected":false},"excerpt":{"rendered":"Aujourd&rsquo;hui, on pr\u00e9voit pour Toulouse des temp\u00e9ratures d&rsquo;environ 20\u00b0C. Le matin, le vent va peu \u00e0 peu \u00e9loigner&hellip;\n","protected":false},"author":2,"featured_media":389031,"comment_status":"","ping_status":"","sticky":false,"template":"","format":"standard","meta":{"footnotes":""},"categories":[2816],"tags":[1111,11,1777,674,1011,27,2722,2721,12,2680,2119,25,2312],"class_list":{"0":"post-389030","1":"post","2":"type-post","3":"status-publish","4":"format-standard","5":"has-post-thumbnail","7":"category-toulouse","8":"tag-actu","9":"tag-actualites","10":"tag-eu","11":"tag-europe","12":"tag-fr","13":"tag-france","14":"tag-haute-garonne","15":"tag-midi-pyrenees","16":"tag-news","17":"tag-occitanie","18":"tag-previsions-meteo","19":"tag-republique-francaise","20":"tag-toulouse"},"share_on_mastodon":{"url":"https:\/\/pubeurope.com\/@fr\/115199748540680293","error":""},"_links":{"self":[{"href":"https:\/\/www.europesays.com\/fr\/wp-json\/wp\/v2\/posts\/389030","targetHints":{"allow":["GET"]}}],"collection":[{"href":"https:\/\/www.europesays.com\/fr\/wp-json\/wp\/v2\/posts"}],"about":[{"href":"https:\/\/www.europesays.com\/fr\/wp-json\/wp\/v2\/types\/post"}],"author":[{"embeddable":true,"href":"https:\/\/www.europesays.com\/fr\/wp-json\/wp\/v2\/users\/2"}],"replies":[{"embeddable":true,"href":"https:\/\/www.europesays.com\/fr\/wp-json\/wp\/v2\/comments?post=389030"}],"version-history":[{"count":0,"href":"https:\/\/www.europesays.com\/fr\/wp-json\/wp\/v2\/posts\/389030\/revisions"}],"wp:featuredmedia":[{"embeddable":true,"href":"https:\/\/www.europesays.com\/fr\/wp-json\/wp\/v2\/media\/389031"}],"wp:attachment":[{"href":"https:\/\/www.europesays.com\/fr\/wp-json\/wp\/v2\/media?parent=389030"}],"wp:term":[{"taxonomy":"category","embeddable":true,"href":"https:\/\/www.europesays.com\/fr\/wp-json\/wp\/v2\/categories?post=389030"},{"taxonomy":"post_tag","embeddable":true,"href":"https:\/\/www.europesays.com\/fr\/wp-json\/wp\/v2\/tags?post=389030"}],"curies":[{"name":"wp","href":"https:\/\/api.w.org\/{rel}","templated":true}]}}