{"id":389034,"date":"2025-09-14T00:11:11","date_gmt":"2025-09-14T00:11:11","guid":{"rendered":"https:\/\/www.europesays.com\/fr\/389034\/"},"modified":"2025-09-14T00:11:11","modified_gmt":"2025-09-14T00:11:11","slug":"previsions-du-dimanche-14-septembre-2025-6","status":"publish","type":"post","link":"https:\/\/www.europesays.com\/fr\/389034\/","title":{"rendered":"pr\u00e9visions du dimanche 14 septembre 2025"},"content":{"rendered":"<p>\u00c0 Lille, la m\u00e9t\u00e9o devrait s&rsquo;am\u00e9liorer pendant la journ\u00e9e. Les temp\u00e9ratures seront de 10\u00b0C au minimum et de 20\u00b0C au maximum. Une l\u00e9g\u00e8re brise de sud-ouest soufflera au cours de la matin\u00e9e. Les temp\u00e9ratures vont enregistrer une hausse de plusieurs degr\u00e9s lors de l&rsquo;apr\u00e8s-midi. Il fera environ 20\u00b0C. Un vent de sud, atteignant 22 km\/h, soufflera. Le soir, le temps sera ponctu\u00e9 par des pluies \u00e9parses. Les temp\u00e9ratures tourneront autour des 17\u00b0C. Entre dimanche et lundi, la nuit sera claire.<\/p>\n<p>Le ciel sera toujours couvert demain, \u00e0 Lille, avec des nuages. L&rsquo;air ambiant va se r\u00e9chauffer avec une augmentation de quelques degr\u00e9s. Il va faire 18\u00b0C en moyenne. La ville sera touch\u00e9e par un vent de sud-ouest de 33 km\/h. Il faudra pr\u00e9voir des perturbations le matin, les Lillois se retrouveront sous des pluies \u00e9parses. On pr\u00e9voit des valeurs avoisinant 17\u00b0C. Le ciel sera assez lumineux, avec quelques \u00e9claircies demain apr\u00e8s-midi. Les temp\u00e9ratures s&rsquo;\u00e9chelonneront de 17 \u00e0 21\u00b0C.<\/p>\n<p>Les jours s&rsquo;encha\u00eenent et ne changent pas. Il va faire un temps plut\u00f4t pluvieux avec des temp\u00e9ratures autour de 18\u00b0C.<\/p>\n<p><\/p>\n","protected":false},"excerpt":{"rendered":"\u00c0 Lille, la m\u00e9t\u00e9o devrait s&rsquo;am\u00e9liorer pendant la journ\u00e9e. Les temp\u00e9ratures seront de 10\u00b0C au minimum et de&hellip;\n","protected":false},"author":2,"featured_media":389035,"comment_status":"","ping_status":"","sticky":false,"template":"","format":"standard","meta":{"footnotes":""},"categories":[2815],"tags":[1111,11,1777,674,1011,27,811,1307,12,1308,1309,2119,25],"class_list":{"0":"post-389034","1":"post","2":"type-post","3":"status-publish","4":"format-standard","5":"has-post-thumbnail","7":"category-lille","8":"tag-actu","9":"tag-actualites","10":"tag-eu","11":"tag-europe","12":"tag-fr","13":"tag-france","14":"tag-hauts-de-france","15":"tag-lille","16":"tag-news","17":"tag-nord","18":"tag-nord-pas-de-calais","19":"tag-previsions-meteo","20":"tag-republique-francaise"},"share_on_mastodon":{"url":"https:\/\/pubeurope.com\/@fr\/115199756380520982","error":""},"_links":{"self":[{"href":"https:\/\/www.europesays.com\/fr\/wp-json\/wp\/v2\/posts\/389034","targetHints":{"allow":["GET"]}}],"collection":[{"href":"https:\/\/www.europesays.com\/fr\/wp-json\/wp\/v2\/posts"}],"about":[{"href":"https:\/\/www.europesays.com\/fr\/wp-json\/wp\/v2\/types\/post"}],"author":[{"embeddable":true,"href":"https:\/\/www.europesays.com\/fr\/wp-json\/wp\/v2\/users\/2"}],"replies":[{"embeddable":true,"href":"https:\/\/www.europesays.com\/fr\/wp-json\/wp\/v2\/comments?post=389034"}],"version-history":[{"count":0,"href":"https:\/\/www.europesays.com\/fr\/wp-json\/wp\/v2\/posts\/389034\/revisions"}],"wp:featuredmedia":[{"embeddable":true,"href":"https:\/\/www.europesays.com\/fr\/wp-json\/wp\/v2\/media\/389035"}],"wp:attachment":[{"href":"https:\/\/www.europesays.com\/fr\/wp-json\/wp\/v2\/media?parent=389034"}],"wp:term":[{"taxonomy":"category","embeddable":true,"href":"https:\/\/www.europesays.com\/fr\/wp-json\/wp\/v2\/categories?post=389034"},{"taxonomy":"post_tag","embeddable":true,"href":"https:\/\/www.europesays.com\/fr\/wp-json\/wp\/v2\/tags?post=389034"}],"curies":[{"name":"wp","href":"https:\/\/api.w.org\/{rel}","templated":true}]}}