{"id":389038,"date":"2025-09-14T00:14:10","date_gmt":"2025-09-14T00:14:10","guid":{"rendered":"https:\/\/www.europesays.com\/fr\/389038\/"},"modified":"2025-09-14T00:14:10","modified_gmt":"2025-09-14T00:14:10","slug":"les-reactions-de-franck-allisio-rn-et-sebastien-barles-eelv","status":"publish","type":"post","link":"https:\/\/www.europesays.com\/fr\/389038\/","title":{"rendered":"les r\u00e9actions de Franck Allisio (RN) et S\u00e9bastien Barles (EELV)"},"content":{"rendered":"<p>Premier \u00e0 d\u00e9gainer, le candidat du RN, <a href=\"https:\/\/www.laprovence.com\/article\/politique\/58822458846049\/municipales-2026-a-marseille-uniformes-marseillaise-franck-allisio-presente-son-plan-minots-patriotique\" target=\"_blank\" rel=\"nofollow noopener\">Franck Allisio<\/a>, dans un communiqu\u00e9 succinct.<\/p>\n<p>\u00ab\u00a0\u00c0 l\u2019image du moral de ses derniers soutiens, c\u2019est sous une pluie battante et un ciel gris que Madame Vassal a lanc\u00e9 sa campagne en catastrophe dans la ville du soleil\u00a0\u00bb, \u00e9crit le d\u00e9put\u00e9 d\u2019extr\u00eame droite, <a href=\"https:\/\/www.laprovence.com\/article\/region\/99959064721220\/municipales-2026-franck-allisio-rn-a-declare-ce-mercredi-quil-etait-candidat-a-la-mairie-de-marseille\" target=\"_blank\" rel=\"nofollow noopener\">lanc\u00e9 dans la campagne depuis le mois de juin<\/a>, qui juge l\u2019\u00e9lue \u00ab\u00a0en difficult\u00e9 au D\u00e9partement et \u00e0 la M\u00e9tropole\u00a0\u00bb.<\/p>\n<p>Pour sa part, l\u2019adjoint au maire <a href=\"https:\/\/www.laprovence.com\/article\/politique\/1710636946245\/marseille-confidentiels-sebastien-barles-se-rapproche-un-peu-plus-de-lfi\" target=\"_blank\" rel=\"nofollow noopener\">S\u00e9bastien Barles <\/a>(EELV) la qualifie d'\u00a0\u00bbh\u00e9riti\u00e8re du syst\u00e8me Gaudin\u00a0\u00bb qui \u00ab\u00a0court depuis plus d\u2019un an apr\u00e8s l\u2019extr\u00eame droite disant m\u00eame partager de nombreuses valeurs avec le RN\u00a0\u00bb. Pour l\u2019\u00e9cologiste, son \u00ab\u00a0seul grand projet pour la ville\u00a0\u00bb serait \u00ab\u00a0la chasse aux pauvres avec un arr\u00eat\u00e9 anti-mendicit\u00e9 et le renforcement de la vid\u00e9osurveillance, pourtant jug\u00e9e inefficace et co\u00fbteuse par tous les rapports scientifiques\u00a0\u00bb. Et d\u2019appeler \u00e0 \u00ab\u00a0faire barrage \u00e0 Martine Vassal et \u00e0 cette droite qui, dans sa course folle vers le RN, pi\u00e9tine les valeurs r\u00e9publicaines et humanistes\u00a0\u00bb avec \u00ab\u00a0l\u2019ensemble des forces politiques et citoyennes de l\u2019arc Nouveau Front populaire\u00a0\u00bb.<\/p>\n","protected":false},"excerpt":{"rendered":"Premier \u00e0 d\u00e9gainer, le candidat du RN, Franck Allisio, dans un communiqu\u00e9 succinct. \u00ab\u00a0\u00c0 l\u2019image du moral de&hellip;\n","protected":false},"author":2,"featured_media":389039,"comment_status":"","ping_status":"","sticky":false,"template":"","format":"standard","meta":{"footnotes":""},"categories":[2814],"tags":[17,1111,11,1007,5108,1777,674,1011,27,151,884,10203,3554,12,882,16,25,14243],"class_list":{"0":"post-389038","1":"post","2":"type-post","3":"status-publish","4":"format-standard","5":"has-post-thumbnail","7":"category-marseille","8":"tag-17","9":"tag-actu","10":"tag-actualites","11":"tag-aux","12":"tag-candidate","13":"tag-eu","14":"tag-europe","15":"tag-fr","16":"tag-france","17":"tag-les","18":"tag-marseille","19":"tag-martine","20":"tag-municipales","21":"tag-news","22":"tag-provence-alpes-cote-dazur","23":"tag-region","24":"tag-republique-francaise","25":"tag-vassal"},"share_on_mastodon":{"url":"https:\/\/pubeurope.com\/@fr\/115199768224648649","error":""},"_links":{"self":[{"href":"https:\/\/www.europesays.com\/fr\/wp-json\/wp\/v2\/posts\/389038","targetHints":{"allow":["GET"]}}],"collection":[{"href":"https:\/\/www.europesays.com\/fr\/wp-json\/wp\/v2\/posts"}],"about":[{"href":"https:\/\/www.europesays.com\/fr\/wp-json\/wp\/v2\/types\/post"}],"author":[{"embeddable":true,"href":"https:\/\/www.europesays.com\/fr\/wp-json\/wp\/v2\/users\/2"}],"replies":[{"embeddable":true,"href":"https:\/\/www.europesays.com\/fr\/wp-json\/wp\/v2\/comments?post=389038"}],"version-history":[{"count":0,"href":"https:\/\/www.europesays.com\/fr\/wp-json\/wp\/v2\/posts\/389038\/revisions"}],"wp:featuredmedia":[{"embeddable":true,"href":"https:\/\/www.europesays.com\/fr\/wp-json\/wp\/v2\/media\/389039"}],"wp:attachment":[{"href":"https:\/\/www.europesays.com\/fr\/wp-json\/wp\/v2\/media?parent=389038"}],"wp:term":[{"taxonomy":"category","embeddable":true,"href":"https:\/\/www.europesays.com\/fr\/wp-json\/wp\/v2\/categories?post=389038"},{"taxonomy":"post_tag","embeddable":true,"href":"https:\/\/www.europesays.com\/fr\/wp-json\/wp\/v2\/tags?post=389038"}],"curies":[{"name":"wp","href":"https:\/\/api.w.org\/{rel}","templated":true}]}}