{"id":389040,"date":"2025-09-14T00:15:14","date_gmt":"2025-09-14T00:15:14","guid":{"rendered":"https:\/\/www.europesays.com\/fr\/389040\/"},"modified":"2025-09-14T00:15:14","modified_gmt":"2025-09-14T00:15:14","slug":"previsions-du-dimanche-14-septembre-2025-7","status":"publish","type":"post","link":"https:\/\/www.europesays.com\/fr\/389040\/","title":{"rendered":"pr\u00e9visions du dimanche 14 septembre 2025"},"content":{"rendered":"<p>Marseille va \u00eatre inond\u00e9e de soleil au cours de cette journ\u00e9e. Il fera 21\u00b0C en moyenne. La ville sera touch\u00e9e par un vent de nord-ouest de 20 km\/h. Les temp\u00e9ratures s&rsquo;\u00e9chelonneront entre 18 et 23\u00b0C le matin. L&rsquo;apr\u00e8s-midi, on anticipe des valeurs d&rsquo;environ 24\u00b0C. Le ciel va l\u00e9g\u00e8rement se d\u00e9gager dans la soir\u00e9e avec des \u00e9claircies. Durant votre sommeil, dans la nuit de dimanche \u00e0 lundi, le ciel sera clair.<\/p>\n<p>C&rsquo;est un soleil magnifique qui va se montrer demain sur Marseille. La m\u00e9t\u00e9o va se r\u00e9chauffer avec une augmentation de quelques degr\u00e9s. Les temp\u00e9ratures afficheront entre 20 et 25\u00b0C. Un modeste vent de nord-ouest sera ressenti par les habitants. Les valeurs seront comprises entre 20\u00b0C et 24\u00b0C dans la matin\u00e9e. Les temp\u00e9ratures seront de 23\u00b0C au minimum et de 25\u00b0C au plus haut l&rsquo;apr\u00e8s-midi. Des \u00e9claircies sont attendues : on passera une soir\u00e9e agr\u00e9able.<\/p>\n<p>Les jours suivants s&rsquo;annoncent identiques. Il fera 27\u00b0C en moyenne pour des journ\u00e9es avec une m\u00e9t\u00e9o ensoleill\u00e9e.<\/p>\n<p><\/p>\n","protected":false},"excerpt":{"rendered":"Marseille va \u00eatre inond\u00e9e de soleil au cours de cette journ\u00e9e. Il fera 21\u00b0C en moyenne. La ville&hellip;\n","protected":false},"author":2,"featured_media":389041,"comment_status":"","ping_status":"","sticky":false,"template":"","format":"standard","meta":{"footnotes":""},"categories":[2814],"tags":[1111,11,885,1777,674,1011,27,884,12,883,2119,882,25],"class_list":{"0":"post-389040","1":"post","2":"type-post","3":"status-publish","4":"format-standard","5":"has-post-thumbnail","7":"category-marseille","8":"tag-actu","9":"tag-actualites","10":"tag-bouches-du-rhone","11":"tag-eu","12":"tag-europe","13":"tag-fr","14":"tag-france","15":"tag-marseille","16":"tag-news","17":"tag-paca","18":"tag-previsions-meteo","19":"tag-provence-alpes-cote-dazur","20":"tag-republique-francaise"},"share_on_mastodon":{"url":"https:\/\/pubeurope.com\/@fr\/115199772211557267","error":""},"_links":{"self":[{"href":"https:\/\/www.europesays.com\/fr\/wp-json\/wp\/v2\/posts\/389040","targetHints":{"allow":["GET"]}}],"collection":[{"href":"https:\/\/www.europesays.com\/fr\/wp-json\/wp\/v2\/posts"}],"about":[{"href":"https:\/\/www.europesays.com\/fr\/wp-json\/wp\/v2\/types\/post"}],"author":[{"embeddable":true,"href":"https:\/\/www.europesays.com\/fr\/wp-json\/wp\/v2\/users\/2"}],"replies":[{"embeddable":true,"href":"https:\/\/www.europesays.com\/fr\/wp-json\/wp\/v2\/comments?post=389040"}],"version-history":[{"count":0,"href":"https:\/\/www.europesays.com\/fr\/wp-json\/wp\/v2\/posts\/389040\/revisions"}],"wp:featuredmedia":[{"embeddable":true,"href":"https:\/\/www.europesays.com\/fr\/wp-json\/wp\/v2\/media\/389041"}],"wp:attachment":[{"href":"https:\/\/www.europesays.com\/fr\/wp-json\/wp\/v2\/media?parent=389040"}],"wp:term":[{"taxonomy":"category","embeddable":true,"href":"https:\/\/www.europesays.com\/fr\/wp-json\/wp\/v2\/categories?post=389040"},{"taxonomy":"post_tag","embeddable":true,"href":"https:\/\/www.europesays.com\/fr\/wp-json\/wp\/v2\/tags?post=389040"}],"curies":[{"name":"wp","href":"https:\/\/api.w.org\/{rel}","templated":true}]}}