{"id":389046,"date":"2025-09-14T00:20:14","date_gmt":"2025-09-14T00:20:14","guid":{"rendered":"https:\/\/www.europesays.com\/fr\/389046\/"},"modified":"2025-09-14T00:20:14","modified_gmt":"2025-09-14T00:20:14","slug":"pourquoi-certains-cadors-du-marathon-sont-ils-absents-a-tokyo","status":"publish","type":"post","link":"https:\/\/www.europesays.com\/fr\/389046\/","title":{"rendered":"pourquoi certains cadors du marathon sont-ils absents \u00e0 Tokyo ?"},"content":{"rendered":"\n<p class=\"c-chapo \">\n  Sur les six m\u00e9daill\u00e9s des Jeux de Paris, seule l&rsquo;Ethiopienne Tigist Assefa est pr\u00e9sente au Japon. La m\u00e9daill\u00e9e d&rsquo;or Sifan Hassan a pr\u00e9f\u00e9r\u00e9 s&rsquo;aligner \u00e0 Sydney le 31 ao\u00fbt, quand le vice-champion olympique Bashir Abdi va privil\u00e9gier le marathon de Chicago, mi-octobre.\n<\/p>\n<p>            lire plus tard<\/p>\n<p id=\"dialog__title\" class=\"dialog__title\">Pour sauvegarder cet article, connectez-vous ou cr\u00e9ez un compte franceinfo<\/p>\n<p class=\"dialog__description\">Sans paiement. Sans abonnement.<\/p>\n<p>        Fermer la fen\u00eatre d\u2019activation des notifications France Info<\/p>\n<p>            cr\u00e9er votre compte<\/p>\n<p>            se connecter<\/p>\n<p>        Fermer la fen\u00eatre de pr\u00e9sentation<\/p>\n<p>    <img loading=\"lazy\" decoding=\"async\" class=\"signature__image lazyload\" width=\"100\" height=\"100\" data- alt=\"\" src=\"https:\/\/www.europesays.com\/fr\/wp-content\/uploads\/2025\/08\/anais-rond-67d06d8eb68f7737337115.jpg\"\/><\/p>\n<p>          France T\u00e9l\u00e9visions &#8211; R\u00e9daction Sport<\/p>\n<p>    Publi\u00e9 le 13\/09\/2025 20:26<\/p>\n<p>        Temps de lecture : 4min<\/p>\n<p>    <img decoding=\"async\"  alt=\"Le groupe t\u00eate du marathon olympique f\u00e9minin, \u00e0 Paris, le 11 ao\u00fbt 2024. (ULRIK PEDERSEN\/CAL SPORT MEDIA\/SIPA USA)\" width=\"432\" height=\"243\" src=\"https:\/\/www.europesays.com\/fr\/wp-content\/uploads\/2025\/09\/sipa-sipausa30436246-000015-68c4e5b496100815575922.jpg\" fetchpriority=\"high\"\/><\/p>\n<p>      Le groupe t\u00eate du marathon olympique f\u00e9minin, \u00e0 Paris, le 11 ao\u00fbt 2024. (ULRIK PEDERSEN\/CAL SPORT MEDIA\/SIPA USA)<\/p>\n<p>Sifan Hassan, Bashir Abdi, Jacob Kiplimo, Joshua Cheptegei&#8230; La liste des cadors du marathon qui font l&rsquo;impasse sur les Mondiaux d&rsquo;athl\u00e9tisme de Tokyo est longue. La situation n&rsquo;est pas nouvelle. Dans une discipline o\u00f9 les athl\u00e8tes se pr\u00e9sentent rarement plus de trois\u00a0fois par an sur la ligne de d\u00e9part, il leur est crucial de choisir. Et la concurrence dans les options est rude.<\/p>\n<p>\u00c0 Tokyo, dimanche pour les femmes et lundi pour les hommes (d\u00e9part \u00e0 1h heure fran\u00e7aise pour les deux), les athl\u00e8tes portent le maillot de leur pays, une fiert\u00e9 souvent avanc\u00e9e comme argument pour s&rsquo;aligner en grand championnat. Mais dans un pays o\u00f9 le mois de septembre est synonyme de chaleur et surtout d&rsquo;\u00e9crasante humidit\u00e9 (autour de 80%), les conditions sont loin d&rsquo;\u00eatre r\u00e9unies pour courir derri\u00e8re une performance. Or, l&rsquo;athl\u00e9tisme, et encore plus le marathon depuis la r\u00e9volution des chaussures \u00e0 plaque carbone, a bascul\u00e9 dans la course aux records.<\/p>\n<p>\u00ab\u00a0Il y en a certains qui n&rsquo;ont pas envie de courir pendant presque trois\u00a0heures\u00a0\u00bb, comprend Manon Trapp, unique repr\u00e9sentante tricolore (hommes et femmes confondus) engag\u00e9e sur le marathon des Mondiaux. \u00ab\u00a0Je n&rsquo;ai m\u00eame pas fait attention \u00e0 mes concurrentes. Je ne vais pas perdre d&rsquo;\u00e9nergie \u00e0 \u00e7a. Cela va vraiment \u00eatre un combat contre soi-m\u00eame et une course d&rsquo;intelligence et de strat\u00e9gie.\u00a0\u00bb\u00a0<\/p>\n<p>La p\u00e9riode automnale, entre septembre et d\u00e9but d\u00e9cembre, est aussi celle des grands marathons, notamment d&rsquo;une partie des \u00ab\u00a0Majors\u00a0\u00bb (s\u00e9lection de sept\u00a0marathons dans le monde). Ils attirent les athl\u00e8tes gr\u00e2ce \u00e0 leur prestige (comme celui de New York, programm\u00e9 le 2\u00a0novembre), la pr\u00e9sence de li\u00e8vres exp\u00e9riment\u00e9s et surtout de parcours roulants.<\/p>\n<p>R\u00e9put\u00e9 pour son trac\u00e9 ultra-plat, le marathon de Berlin se tient par exemple le 21\u00a0septembre. En ce dernier jour des Mondiaux de Tokyo, les organisateurs allemands ont r\u00e9ussi l&rsquo;exploit d&rsquo;attirer les deux d\u00e9tenteurs du record du Japon sur la distance, Kengo Suzuki et Hanomi Maeda\u00a0: du jamais vu pour un marathon en dehors du pays du Soleil levant. Le record du Japon pourrait tomber, ce qui aurait \u00e9t\u00e9 inenvisageable \u00e0 Tokyo&#8230;<\/p>\n<p>Le marathon de Sydney, qui vient d&rsquo;entrer dans le club ferm\u00e9 des Majors, a lui enregistr\u00e9 la pr\u00e9sence de Sifan Hassan,<a href=\"https:\/\/www.franceinfo.fr\/les-jeux-olympiques\/athletisme\/jo-de-paris-2024-la-neerlandaise-sifan-hassan-medaillee-d-or-du-marathon-apres-un-sprint-impressionnant-et-un-record-olympique-a-la-cle_6719508.html\" rel=\"nofollow noopener\" target=\"_blank\"> titr\u00e9e aux Jeux de Paris<\/a>, le 31\u00a0ao\u00fbt. La N\u00e9erlandaise est aussi annonc\u00e9e \u00e0 New York d\u00e9but novembre. \u00ab\u00a0C&rsquo;\u00e9tait une d\u00e9cision difficile pour moi parce que je n&rsquo;ai jamais manqu\u00e9 aucun championnat du monde, mais je veux vraiment participer au marathon de Sydney, car c&rsquo;est le premier\u00a0grand marathon\u00a0(en Australie). Qui ne voudrait pas participer \u00e0 un premier grand marathon\u00a0?\u00a0\u00bb,\u00a0s&rsquo;\u00e9tait justifi\u00e9e la marathonienne en conf\u00e9rence de presse avant de remporter l&rsquo;\u00e9preuve.<\/p>\n<p>    <img decoding=\"async\" class=\"cms-media-image lazyload\" alt=\"La championne olympique en titre Sifan Hassan, victorieuse sur le marathon de Sydney (Australie), le 31 ao\u00fbt 2025. (BIANCA DE MARCHI\/AP\/SIPA)\" width=\"720\" height=\"404.75170399221\" data- src=\"https:\/\/www.europesays.com\/fr\/wp-content\/uploads\/2025\/09\/sipa-ap22980224-000002-68c4e87101825519890078.jpg\"\/><\/p>\n<p>      La championne olympique en titre Sifan Hassan, victorieuse sur le marathon de Sydney (Australie), le 31 ao\u00fbt 2025. (BIANCA DE MARCHI\/AP\/SIPA)<\/p>\n<p>Dans un sport aux rares apparitions, l&rsquo;argument financier est \u00e9galement majeur. Si d\u00e9sormais World Athletics offre des primes aux huit premiers de chaque \u00e9preuve lors des Mondiaux \u2013\u00a070\u00a0000\u00a0dollars pour le vainqueur, moiti\u00e9 moins pour le deuxi\u00e8me, 16\u00a0000 dollars pour le 3e, quand le 8e empoche&#8230; 500\u00a0dollars\u00a0\u2013, les sommes sont encore loin de celles promises sur les Majors. Le vice-champion olympique de Paris\u00a02024, le Belge Bashir Abdi, a ainsi annonc\u00e9 ne pas se pr\u00e9senter \u00e0 Tokyo car \u00ab\u00a0pas au top de sa forme\u00a0\u00bb. Mais il sera au d\u00e9part le 12\u00a0octobre \u00e0 Chicago, tout comme l&rsquo;Ougandais Jacob Kiplimo, forfait \u00e0 Tokyo \u00ab\u00a0pour raisons personnelles\u00a0\u00bb.<\/p>\n<p>En 2024, le marathon de Chicago offrait 100\u00a0000 dollars au vainqueur, 75\u00a0000 au deuxi\u00e8me, 50\u00a0000 au troisi\u00e8me, 30\u00a0000 au quatri\u00e8me et encore 25\u00a0000 au cinqui\u00e8me. Sur les marathons hors championnat, ces primes de r\u00e9sultats s&rsquo;ajoutent \u00e0 des \u00e9moluments re\u00e7us par les athl\u00e8tes pour leur simple pr\u00e9sence sur la ligne de d\u00e9part. Aux Mondiaux de Tokyo, avec des cadors absents et des conditions difficiles, les cartes risquent d&rsquo;\u00eatre rebattues et le suspense encore plus grand. Pas forc\u00e9ment une mauvaise chose pour les spectateurs.<\/p>\n","protected":false},"excerpt":{"rendered":"Sur les six m\u00e9daill\u00e9s des Jeux de Paris, seule l&rsquo;Ethiopienne Tigist Assefa est pr\u00e9sente au Japon. La m\u00e9daill\u00e9e&hellip;\n","protected":false},"author":2,"featured_media":389047,"comment_status":"","ping_status":"","sticky":false,"template":"","format":"standard","meta":{"footnotes":""},"categories":[1888],"tags":[1111,1928,11,1927,1777,674,1011,27,12,1926,626,1925,25],"class_list":{"0":"post-389046","1":"post","2":"type-post","3":"status-publish","4":"format-standard","5":"has-post-thumbnail","7":"category-paris","8":"tag-actu","9":"tag-actu-paris","10":"tag-actualites","11":"tag-actualites-paris","12":"tag-eu","13":"tag-europe","14":"tag-fr","15":"tag-france","16":"tag-news","17":"tag-news-paris","18":"tag-paris","19":"tag-paris-news","20":"tag-republique-francaise"},"share_on_mastodon":{"url":"https:\/\/pubeurope.com\/@fr\/115199792015288702","error":""},"_links":{"self":[{"href":"https:\/\/www.europesays.com\/fr\/wp-json\/wp\/v2\/posts\/389046","targetHints":{"allow":["GET"]}}],"collection":[{"href":"https:\/\/www.europesays.com\/fr\/wp-json\/wp\/v2\/posts"}],"about":[{"href":"https:\/\/www.europesays.com\/fr\/wp-json\/wp\/v2\/types\/post"}],"author":[{"embeddable":true,"href":"https:\/\/www.europesays.com\/fr\/wp-json\/wp\/v2\/users\/2"}],"replies":[{"embeddable":true,"href":"https:\/\/www.europesays.com\/fr\/wp-json\/wp\/v2\/comments?post=389046"}],"version-history":[{"count":0,"href":"https:\/\/www.europesays.com\/fr\/wp-json\/wp\/v2\/posts\/389046\/revisions"}],"wp:featuredmedia":[{"embeddable":true,"href":"https:\/\/www.europesays.com\/fr\/wp-json\/wp\/v2\/media\/389047"}],"wp:attachment":[{"href":"https:\/\/www.europesays.com\/fr\/wp-json\/wp\/v2\/media?parent=389046"}],"wp:term":[{"taxonomy":"category","embeddable":true,"href":"https:\/\/www.europesays.com\/fr\/wp-json\/wp\/v2\/categories?post=389046"},{"taxonomy":"post_tag","embeddable":true,"href":"https:\/\/www.europesays.com\/fr\/wp-json\/wp\/v2\/tags?post=389046"}],"curies":[{"name":"wp","href":"https:\/\/api.w.org\/{rel}","templated":true}]}}