{"id":389050,"date":"2025-09-14T00:22:20","date_gmt":"2025-09-14T00:22:20","guid":{"rendered":"https:\/\/www.europesays.com\/fr\/389050\/"},"modified":"2025-09-14T00:22:20","modified_gmt":"2025-09-14T00:22:20","slug":"vous-pouvez-partir-dans-la-dignite-ou-par-la-force-le-prefet-des-hauts-de-seine-durcit-le-ton-face-aux-detenus-clandestins","status":"publish","type":"post","link":"https:\/\/www.europesays.com\/fr\/389050\/","title":{"rendered":"\u00ab Vous pouvez partir dans la dignit\u00e9 ou par la force \u00bb : Le pr\u00e9fet des Hauts-de-Seine durcit le ton face aux d\u00e9tenus clandestins"},"content":{"rendered":"<p>                                            Soci\u00e9t\u00e9\n                                                                            <\/p>\n<p>\n                                            \u00c0 la maison d\u2019arr\u00eat de Nanterre, le pr\u00e9fet des Hauts-de-Seine, Alexandre Brug\u00e8re, m\u00e8ne une initiative in\u00e9dite : s\u2019adresser directement aux d\u00e9tenus \u00e9trangers en situation irr\u00e9guli\u00e8re pour les pousser \u00e0 quitter le territoire. Il d\u00e9fend une strat\u00e9gie qui vise \u00e0 acc\u00e9l\u00e9rer les expulsions et \u00e0 r\u00e9duire la surpopulation carc\u00e9rale.                                        <\/p>\n<p>                                                Publi\u00e9 le 13 septembre 2025 \u00e0 12h50                                                                                            <\/p>\n<p>                                            <img loading=\"lazy\" width=\"1024\" height=\"683\" src=\"https:\/\/www.europesays.com\/fr\/wp-content\/uploads\/2025\/09\/SIPA_01214595_000012-1.jpg\" class=\"attachment-post-thumbnail size-post-thumbnail wp-post-image lazy\" alt=\"Le pr\u00e9fet des Hauts-de-Seine, Alexandre Brug\u00e8re. ROMUALD MEIGNEUX\/SIPA\" decoding=\"async\"  data-\/><\/p>\n<p>                                            Le pr\u00e9fet des Hauts-de-Seine, Alexandre Brug\u00e8re. ROMUALD MEIGNEUX\/SIPA<\/p>\n<p>Dans la matin\u00e9e du vendredi 12 septembre, dans le gymnase de la maison d\u2019arr\u00eat de Nanterre, dix-sept d\u00e9tenus \u00e9trangers se sont retrouv\u00e9s face au pr\u00e9fet des Hauts-de-Seine. <a href=\"https:\/\/www.valeursactuelles.com\/clubvaleurs\/politique\/brugere-un-prefet-style-darmanin\" target=\"_blank\" rel=\"noopener\">Alexandre Brug\u00e8re<\/a>, a promis de venir chaque mois rencontrer <a href=\"https:\/\/www.valeursactuelles.com\/clubvaleurs\/societe\/prisons-francaises-limpasse-de-la-psychiatrie\" target=\"_blank\" rel=\"noopener\">les prisonniers<\/a> en situation irr\u00e9guli\u00e8re pour les convaincre de quitter la France de leur plein gr\u00e9, afin de \u00ab lutter contre la surpopulation carc\u00e9rale \u00bb rapporte le <a href=\"https:\/\/www.lejdd.fr\/Societe\/vous-netes-pas-les-bienvenus-le-prefet-des-hauts-de-seine-en-guerre-contre-les-clandestins-161836\" target=\"_blank\" rel=\"nofollow noopener\">JDD<\/a>. D\u2019apr\u00e8s le pr\u00e9fet, l\u2019\u00e9tablissement p\u00e9nitentiaire souffre d\u2019une densit\u00e9 carc\u00e9rale de 200 % : 1 320 d\u00e9tenus pour 590 places, avec 160 matelas pos\u00e9s au sol. Les \u00e9trangers y repr\u00e9senteraient 54 % des prisonniers, soit 720 personnes.<\/p>\n<p><a href=\"https:\/\/www.valeursactuelles.com\/societe\/81-des-francais-veulent-la-prison-automatique-pour-les-agresseurs-de-policiers\" class=\"h-flex h-align-items-center h-border-tb h-ptb-15\" target=\"_blank\" rel=\"noopener\">A\u00a0LIRE\u00a081 % des Fran\u00e7ais veulent la prison automatique pour les agresseurs de policiers<\/a>                    <img class=\"lazy\" decoding=\"async\" src=\"https:\/\/www.europesays.com\/fr\/wp-content\/uploads\/2025\/09\/1757809340_327_maxresdefault.jpg\" alt=\"Vid\u00e9o YouTube\" style=\"width: 100%; height: auto; display: block;\"\/><\/p>\n<p>                        Chargement\u2026                    <\/p>\n<p>Il met en avant une double logique qui devrait appliquer la \u00ab priorit\u00e9 nationale absolue \u00bb de lutte contre l\u2019immigration ill\u00e9gale et soulager les prisons satur\u00e9es. \u00ab Messieurs, vous n\u2019avez plus votre place en France et vous n\u2019\u00eates pas les bienvenus. Vous pouvez partir dans la dignit\u00e9 ou par la force \u00bb, a-t-il lanc\u00e9 aux d\u00e9tenus, selon les propos relay\u00e9s par le JDD.<\/p>\n<p>Des expulsions en hausse<\/p>\n<p>Depuis juin dernier, un protocole d\u2019accord sign\u00e9 avec le procureur de Nanterre permet d\u2019acc\u00e9l\u00e9rer les proc\u00e9dures d\u00e8s la lev\u00e9e d\u2019\u00e9crou. Le r\u00e9sultat est que \u00ab 32 d\u00e9tenus en situation irr\u00e9guli\u00e8re ont d\u2019ores et d\u00e9j\u00e0 \u00e9t\u00e9 \u00e9loign\u00e9s, dont 18 l\u2019ont \u00e9t\u00e9 d\u00e8s leur lev\u00e9e d\u2019\u00e9crou \u00bb, a indiqu\u00e9 Alexandre Brug\u00e8re. Une augmentation par rapport \u00e0 2024 o\u00f9 21 d\u00e9parts avaient \u00e9t\u00e9 enregistr\u00e9s. Cette ann\u00e9e, la pr\u00e9fecture revendique d\u00e9j\u00e0 une augmentation de 52 % des expulsions par rapport \u00e0 l\u2019ann\u00e9e pr\u00e9c\u00e9dente.<\/p>\n<p><a href=\"https:\/\/www.valeursactuelles.com\/clubvaleurs\/societe\/surpopulation-carcerale-le-procureur-de-bobigny-limite-provisoirement-lemprisonnement\" class=\"h-flex h-align-items-center h-border-tb h-ptb-15\" target=\"_blank\" rel=\"noopener\">A\u00a0LIRE\u00a0Surpopulation carc\u00e9rale : le procureur de Bobigny limite provisoirement l\u2019emprisonnement<\/a><\/p>\n<p>Pour convaincre les d\u00e9tenus de coop\u00e9rer est que l\u2019Office fran\u00e7ais de l\u2019immigration et de l\u2019int\u00e9gration (Ofii) propose un dispositif de retour volontaire : billet d\u2019avion, p\u00e9cule auquel s\u2019ajoute 1 200 euros (major\u00e9 de 600 euros en cas d\u2019enfants) ainsi qu\u2019une aide \u00e0 la r\u00e9insertion dans le pays d\u2019origine pouvant atteindre jusqu\u2019\u00e0 7 000 euros d\u2019aide pour eux.<\/p>\n<p>\u00a0<\/p>\n","protected":false},"excerpt":{"rendered":"Soci\u00e9t\u00e9 \u00c0 la maison d\u2019arr\u00eat de Nanterre, le pr\u00e9fet des Hauts-de-Seine, Alexandre Brug\u00e8re, m\u00e8ne une initiative in\u00e9dite :&hellip;\n","protected":false},"author":2,"featured_media":389051,"comment_status":"","ping_status":"","sticky":false,"template":"","format":"standard","meta":{"footnotes":""},"categories":[1888],"tags":[11,3331,1777,674,1011,27,12,626,14583,806,25],"class_list":{"0":"post-389050","1":"post","2":"type-post","3":"status-publish","4":"format-standard","5":"has-post-thumbnail","7":"category-paris","8":"tag-actualites","9":"tag-etrangers","10":"tag-eu","11":"tag-europe","12":"tag-fr","13":"tag-france","14":"tag-news","15":"tag-paris","16":"tag-prefet","17":"tag-prison","18":"tag-republique-francaise"},"share_on_mastodon":{"url":"https:\/\/pubeurope.com\/@fr\/115199800096383062","error":""},"_links":{"self":[{"href":"https:\/\/www.europesays.com\/fr\/wp-json\/wp\/v2\/posts\/389050","targetHints":{"allow":["GET"]}}],"collection":[{"href":"https:\/\/www.europesays.com\/fr\/wp-json\/wp\/v2\/posts"}],"about":[{"href":"https:\/\/www.europesays.com\/fr\/wp-json\/wp\/v2\/types\/post"}],"author":[{"embeddable":true,"href":"https:\/\/www.europesays.com\/fr\/wp-json\/wp\/v2\/users\/2"}],"replies":[{"embeddable":true,"href":"https:\/\/www.europesays.com\/fr\/wp-json\/wp\/v2\/comments?post=389050"}],"version-history":[{"count":0,"href":"https:\/\/www.europesays.com\/fr\/wp-json\/wp\/v2\/posts\/389050\/revisions"}],"wp:featuredmedia":[{"embeddable":true,"href":"https:\/\/www.europesays.com\/fr\/wp-json\/wp\/v2\/media\/389051"}],"wp:attachment":[{"href":"https:\/\/www.europesays.com\/fr\/wp-json\/wp\/v2\/media?parent=389050"}],"wp:term":[{"taxonomy":"category","embeddable":true,"href":"https:\/\/www.europesays.com\/fr\/wp-json\/wp\/v2\/categories?post=389050"},{"taxonomy":"post_tag","embeddable":true,"href":"https:\/\/www.europesays.com\/fr\/wp-json\/wp\/v2\/tags?post=389050"}],"curies":[{"name":"wp","href":"https:\/\/api.w.org\/{rel}","templated":true}]}}