{"id":389052,"date":"2025-09-14T00:23:11","date_gmt":"2025-09-14T00:23:11","guid":{"rendered":"https:\/\/www.europesays.com\/fr\/389052\/"},"modified":"2025-09-14T00:23:11","modified_gmt":"2025-09-14T00:23:11","slug":"padel-alpine-paris-major-a-quelle-heure-et-sur-quelle-chaine-suivre-les-finales","status":"publish","type":"post","link":"https:\/\/www.europesays.com\/fr\/389052\/","title":{"rendered":"Padel Alpine Paris Major\u00a0: \u00e0 quelle heure et sur quelle cha\u00eene suivre les finales\u00a0?"},"content":{"rendered":"<p class=\"paragraph text_align_left lp-f-body-02\">Les finales de la <a href=\"https:\/\/www.leparisien.fr\/sports\/padel-favoris-programme-diffusion-tout-savoir-sur-lalpine-paris-major-du-8-au-14-septembre-a-roland-garros-07-09-2025-LUAUSYMXNRAK3A3AQHHA7CNSB4.php\" target=\"_blank\" rel=\"noreferrer nofollow noopener\">4e \u00e9dition de l\u2019Alpine Paris Major<\/a> se d\u00e9roulent ce dimanche 14 septembre \u00e0 Roland-Garros. Apr\u00e8s une semaine haute lutte, les deux meilleures paires masculines et f\u00e9minines s\u2019affronteront pour d\u00e9crocher le titre \u00e9quivalent \u00e0 un Grand Chelem en tennis.<\/p>\n<p class=\"paragraph text_align_left lp-f-body-02\">Chez les femmes, on change sans changer. Comme pr\u00e9vu les \u00e9quipes espagnoles se sont donn\u00e9 rendez-vous en finale. Mais pas forc\u00e9ment celles qu\u2019on attendait. Ainsi, le r\u00e8gne de deux ans d\u2019Ariana Sanchez Fallada et Paula Josemaria Martin s\u2019est achev\u00e9 samedi en demi-finales.<\/p>\n<p class=\"paragraph text_align_left lp-f-body-02\">Battues (7-6, 6-4), elles sont tomb\u00e9es face \u00e0 leurs compatriotes Marta Ortega Gallego et Tamara Icardo Alcorisa. Ces derni\u00e8res retrouveront en finale la paire hispano-argentine, Gemma Triay Pons et Delfina Brea Senesi, tombeuse du duo hispano-portugais Andrea Ustero Prieto et Sofia Araujo (4-6, 6-2, 7-5).<\/p>\n<p class=\"paragraph text_align_left lp-f-body-02\">Chez les hommes, pas de surprise, la paire hispano-argentine Arturo Coello et Agustin Tapia, double tenant du titre, s\u2019est qualifi\u00e9e pour la finale en \u00e9cartant (7-5, 6-2) le duo argentino-espagnol Franco Stupaczuk et Juan Lebron. L\u2019autre finale a vu la victoire des Espagnols Miguel Yanguas et Jorge Nieto (6-0, 6-2) contre la paire hispano-argentine Alejandro Galan et Federico Chingotto.<\/p>\n<p class=\"paragraph text_align_left lp-f-body-02\"><b>Les finales de l\u2019Alpine Paris Major sont \u00e0 suivre en direct sur Canal<\/b> <b>+ Sport 360. La finale dames commencera \u00e0 14 heures, suivie de la finale messieurs pas avant 16h30.<\/b><\/p>\n","protected":false},"excerpt":{"rendered":"Les finales de la 4e \u00e9dition de l\u2019Alpine Paris Major se d\u00e9roulent ce dimanche 14 septembre \u00e0 Roland-Garros.&hellip;\n","protected":false},"author":2,"featured_media":389053,"comment_status":"","ping_status":"","sticky":false,"template":"","format":"standard","meta":{"footnotes":""},"categories":[1888],"tags":[11,1777,674,1011,27,12,626,25,60],"class_list":{"0":"post-389052","1":"post","2":"type-post","3":"status-publish","4":"format-standard","5":"has-post-thumbnail","7":"category-paris","8":"tag-actualites","9":"tag-eu","10":"tag-europe","11":"tag-fr","12":"tag-france","13":"tag-news","14":"tag-paris","15":"tag-republique-francaise","16":"tag-sports"},"share_on_mastodon":{"url":"https:\/\/pubeurope.com\/@fr\/115199803643354964","error":""},"_links":{"self":[{"href":"https:\/\/www.europesays.com\/fr\/wp-json\/wp\/v2\/posts\/389052","targetHints":{"allow":["GET"]}}],"collection":[{"href":"https:\/\/www.europesays.com\/fr\/wp-json\/wp\/v2\/posts"}],"about":[{"href":"https:\/\/www.europesays.com\/fr\/wp-json\/wp\/v2\/types\/post"}],"author":[{"embeddable":true,"href":"https:\/\/www.europesays.com\/fr\/wp-json\/wp\/v2\/users\/2"}],"replies":[{"embeddable":true,"href":"https:\/\/www.europesays.com\/fr\/wp-json\/wp\/v2\/comments?post=389052"}],"version-history":[{"count":0,"href":"https:\/\/www.europesays.com\/fr\/wp-json\/wp\/v2\/posts\/389052\/revisions"}],"wp:featuredmedia":[{"embeddable":true,"href":"https:\/\/www.europesays.com\/fr\/wp-json\/wp\/v2\/media\/389053"}],"wp:attachment":[{"href":"https:\/\/www.europesays.com\/fr\/wp-json\/wp\/v2\/media?parent=389052"}],"wp:term":[{"taxonomy":"category","embeddable":true,"href":"https:\/\/www.europesays.com\/fr\/wp-json\/wp\/v2\/categories?post=389052"},{"taxonomy":"post_tag","embeddable":true,"href":"https:\/\/www.europesays.com\/fr\/wp-json\/wp\/v2\/tags?post=389052"}],"curies":[{"name":"wp","href":"https:\/\/api.w.org\/{rel}","templated":true}]}}