{"id":389063,"date":"2025-09-14T00:29:22","date_gmt":"2025-09-14T00:29:22","guid":{"rendered":"https:\/\/www.europesays.com\/fr\/389063\/"},"modified":"2025-09-14T00:29:22","modified_gmt":"2025-09-14T00:29:22","slug":"le-danemark-investit-776-milliards-deuros-pour-des-systemes-de-defense-anti-aeriens-aupres-de-fabricants-europeens","status":"publish","type":"post","link":"https:\/\/www.europesays.com\/fr\/389063\/","title":{"rendered":"Le Danemark investit 7,76 milliards d&rsquo;euros pour des syst\u00e8mes de d\u00e9fense anti-a\u00e9riens aupr\u00e8s de fabricants europ\u00e9ens"},"content":{"rendered":"<p><img loading=\"lazy\" decoding=\"async\" class=\"w-full lazyload lazyload--opacity object-contain\" style=\"aspect-ratio:150 \/ 100;opacity:1\" alt=\" L\u2019ancien animateur de jeunesse aurait d\u00e9tenu environ 700 images \u00e0 caract\u00e8re p\u00e9dopornographique.\" width=\"480\" height=\"320\" fetchpriority=\"auto\" src=\"https:\/\/www.europesays.com\/fr\/wp-content\/uploads\/2025\/04\/S5VKD3X55FFF3BW6V4SEHXNP7I.png\"  data- data-optimumx=\"1\"\/><\/p>\n<p class=\"ap-Title mb-3 ap-StoryListCard-title\">Danemark: un ex-ministre jug\u00e9 pour possession d&rsquo;images p\u00e9dopornographiques <\/p>\n<p class=\"ap-StoryListCard-text mb-3 ux-hideMobile ux-hideTablet\">Henrik Sass Larsen, ancienne \u00e9minence grise de la social-d\u00e9mocratie danoise un temps ministre de l&rsquo;Industrie, doit \u00eatre fix\u00e9 lundi sur son sort au dernier jour de son proc\u00e8s pour possession de contenus p\u00e9dopornographiques, une affaire qui suscite un vif int\u00e9r\u00eat dans le petit pays scandinave.<\/p>\n","protected":false},"excerpt":{"rendered":"Danemark: un ex-ministre jug\u00e9 pour possession d&rsquo;images p\u00e9dopornographiques Henrik Sass Larsen, ancienne \u00e9minence grise de la social-d\u00e9mocratie danoise&hellip;\n","protected":false},"author":2,"featured_media":389064,"comment_status":"","ping_status":"","sticky":false,"template":"","format":"standard","meta":{"footnotes":""},"categories":[1586],"tags":[11,672,1003,145,554,1777,674,590,1011,27,693,452,12,673,25],"class_list":{"0":"post-389063","1":"post","2":"type-post","3":"status-publish","4":"format-standard","5":"has-post-thumbnail","7":"category-europe","8":"tag-actualites","9":"tag-allemagne","10":"tag-budget","11":"tag-danemark","12":"tag-defense","13":"tag-eu","14":"tag-europe","15":"tag-finance","16":"tag-fr","17":"tag-france","18":"tag-industrie","19":"tag-italie","20":"tag-news","21":"tag-norvege","22":"tag-republique-francaise"},"share_on_mastodon":{"url":"https:\/\/pubeurope.com\/@fr\/115199827461822011","error":""},"_links":{"self":[{"href":"https:\/\/www.europesays.com\/fr\/wp-json\/wp\/v2\/posts\/389063","targetHints":{"allow":["GET"]}}],"collection":[{"href":"https:\/\/www.europesays.com\/fr\/wp-json\/wp\/v2\/posts"}],"about":[{"href":"https:\/\/www.europesays.com\/fr\/wp-json\/wp\/v2\/types\/post"}],"author":[{"embeddable":true,"href":"https:\/\/www.europesays.com\/fr\/wp-json\/wp\/v2\/users\/2"}],"replies":[{"embeddable":true,"href":"https:\/\/www.europesays.com\/fr\/wp-json\/wp\/v2\/comments?post=389063"}],"version-history":[{"count":0,"href":"https:\/\/www.europesays.com\/fr\/wp-json\/wp\/v2\/posts\/389063\/revisions"}],"wp:featuredmedia":[{"embeddable":true,"href":"https:\/\/www.europesays.com\/fr\/wp-json\/wp\/v2\/media\/389064"}],"wp:attachment":[{"href":"https:\/\/www.europesays.com\/fr\/wp-json\/wp\/v2\/media?parent=389063"}],"wp:term":[{"taxonomy":"category","embeddable":true,"href":"https:\/\/www.europesays.com\/fr\/wp-json\/wp\/v2\/categories?post=389063"},{"taxonomy":"post_tag","embeddable":true,"href":"https:\/\/www.europesays.com\/fr\/wp-json\/wp\/v2\/tags?post=389063"}],"curies":[{"name":"wp","href":"https:\/\/api.w.org\/{rel}","templated":true}]}}