{"id":389067,"date":"2025-09-14T00:31:16","date_gmt":"2025-09-14T00:31:16","guid":{"rendered":"https:\/\/www.europesays.com\/fr\/389067\/"},"modified":"2025-09-14T00:31:16","modified_gmt":"2025-09-14T00:31:16","slug":"la-justice-condamne-le-depute-rn-des-bouches-du-rhone","status":"publish","type":"post","link":"https:\/\/www.europesays.com\/fr\/389067\/","title":{"rendered":"la justice condamne le d\u00e9put\u00e9 RN des Bouches-du-Rh\u00f4ne"},"content":{"rendered":"<p>Ne l\u2019appelez plus <a href=\"https:\/\/www.laprovence.com\/article\/region\/8398694973319214\/le-depute-d-arles-emmanuel-tache-de-la-pagerie-attaque-en-justice-par-un-ex-assistant-parlementaire\" target=\"_blank\" rel=\"nofollow noopener\">Emmanuel Tach\u00e9\u00a0de\u00a0la\u00a0Pagerie<\/a>. Alors qu\u2019il assistait \u00e0 la c\u00e9r\u00e9monie d\u2019ouverture de la Feria du Riz, le d\u00e9put\u00e9 Rassemblement national de la XVIe circonscription des Bouches-du-Rh\u00f4ne a \u00e9t\u00e9 somm\u00e9 ce vendredi 12\u00a0septembre par le tribunal de Lille d\u2019abandonner le patronyme \u00ab\u00a0de la Pagerie\u00a0\u00bb, qu\u2019il avait ajout\u00e9 \u00e0 son nom de famille de naissance, Tach\u00e9. Pour rappel, en juin\u00a02022, trois descendantes de la v\u00e9ritable lign\u00e9e Tascher de la Pagerie avaient assign\u00e9 en justice le parlementaire dans une \u00ab\u00a0action en protection du nom patronymique\u00a0\u00bb, estimant que son utilisation par le d\u00e9put\u00e9, notamment \u00e0 des fins politiques, leur portait pr\u00e9judice. \u00ab\u00a0Mes clientes sont les seules h\u00e9riti\u00e8res \u00e0 porter ce nom depuis la mort de leur p\u00e8re en\u00a01993, soulignait leur avocat lorsque la proc\u00e9dure avait \u00e9t\u00e9 engag\u00e9e. Et ce dernier avait, dans ses derni\u00e8res volont\u00e9s, exprim\u00e9 le souhait que son nom soit prot\u00e9g\u00e9.\u00a0\u00bb La famille Tascher de La Pagerie est issue de la noblesse fran\u00e7aise, notamment connue pour avoir compt\u00e9 parmi ses membres Jos\u00e9phine de Beauharnais, premi\u00e8re \u00e9pouse de l\u2019empereur Napol\u00e9on Ier. Mais pas <a href=\"https:\/\/www.laprovence.com\/article\/region\/2213930789924914\/federation-departementale-du-rn-le-depute-darles-emmanuel-tache-de-la-pagerie-na-pas-regle-sa-contribution\" target=\"_blank\" rel=\"nofollow noopener\">Emmanuel Tach\u00e9<\/a>, qui n\u2019a aucun lien avec cette lign\u00e9e.<\/p>\n","protected":false},"excerpt":{"rendered":"Ne l\u2019appelez plus Emmanuel Tach\u00e9\u00a0de\u00a0la\u00a0Pagerie. Alors qu\u2019il assistait \u00e0 la c\u00e9r\u00e9monie d\u2019ouverture de la Feria du Riz, le&hellip;\n","protected":false},"author":2,"featured_media":389068,"comment_status":"","ping_status":"","sticky":false,"template":"","format":"standard","meta":{"footnotes":""},"categories":[2],"tags":[17,11,1805,11513,1011,27,12,52134,5055,378,16,25,52133,52132],"class_list":{"0":"post-389067","1":"post","2":"type-post","3":"status-publish","4":"format-standard","5":"has-post-thumbnail","7":"category-actualites","8":"tag-17","9":"tag-actualites","10":"tag-de","11":"tag-emmanuel","12":"tag-fr","13":"tag-france","14":"tag-news","15":"tag-pagerie","16":"tag-peut","17":"tag-plus","18":"tag-region","19":"tag-republique-francaise","20":"tag-sappeler","21":"tag-tache"},"share_on_mastodon":{"url":"https:\/\/pubeurope.com\/@fr\/115199835214586659","error":""},"_links":{"self":[{"href":"https:\/\/www.europesays.com\/fr\/wp-json\/wp\/v2\/posts\/389067","targetHints":{"allow":["GET"]}}],"collection":[{"href":"https:\/\/www.europesays.com\/fr\/wp-json\/wp\/v2\/posts"}],"about":[{"href":"https:\/\/www.europesays.com\/fr\/wp-json\/wp\/v2\/types\/post"}],"author":[{"embeddable":true,"href":"https:\/\/www.europesays.com\/fr\/wp-json\/wp\/v2\/users\/2"}],"replies":[{"embeddable":true,"href":"https:\/\/www.europesays.com\/fr\/wp-json\/wp\/v2\/comments?post=389067"}],"version-history":[{"count":0,"href":"https:\/\/www.europesays.com\/fr\/wp-json\/wp\/v2\/posts\/389067\/revisions"}],"wp:featuredmedia":[{"embeddable":true,"href":"https:\/\/www.europesays.com\/fr\/wp-json\/wp\/v2\/media\/389068"}],"wp:attachment":[{"href":"https:\/\/www.europesays.com\/fr\/wp-json\/wp\/v2\/media?parent=389067"}],"wp:term":[{"taxonomy":"category","embeddable":true,"href":"https:\/\/www.europesays.com\/fr\/wp-json\/wp\/v2\/categories?post=389067"},{"taxonomy":"post_tag","embeddable":true,"href":"https:\/\/www.europesays.com\/fr\/wp-json\/wp\/v2\/tags?post=389067"}],"curies":[{"name":"wp","href":"https:\/\/api.w.org\/{rel}","templated":true}]}}