{"id":389069,"date":"2025-09-14T00:32:22","date_gmt":"2025-09-14T00:32:22","guid":{"rendered":"https:\/\/www.europesays.com\/fr\/389069\/"},"modified":"2025-09-14T00:32:22","modified_gmt":"2025-09-14T00:32:22","slug":"jusqua-100-km-h-voici-ou-les-rafales-seront-les-plus-fortes","status":"publish","type":"post","link":"https:\/\/www.europesays.com\/fr\/389069\/","title":{"rendered":"jusqu&rsquo;\u00e0 100 km\/h, voici o\u00f9 les rafales seront les plus fortes"},"content":{"rendered":"<p>            Par<br \/>\n        <strong><br \/>\n            <a href=\"https:\/\/actu.fr\/auteur\/johann-foucault\" title=\"Consulter tous les articles de Johann Foucault\" target=\"_blank\" rel=\"noopener\">Johann Foucault<\/a><br \/>\n        <\/strong><\/p>\n<p>        Publi\u00e9 le<\/p>\n<p>            13 sept. 2025 \u00e0 19h32        <\/p>\n<p>D\u00e9j\u00e0 que le week-end est maussade, entre nuages, pluie et <a href=\"https:\/\/actu.fr\/tag\/orages\" target=\"_blank\" rel=\"noopener\">orages<\/a>, voil\u00e0 maintenant qu\u2019un <a href=\"https:\/\/actu.fr\/meteo\/des-rafales-jusqu-a-120-km-h-deux-coups-de-vent-balayent-la-france-cette-semaine-voici-ou-ca-va-souffler_63142453.html\" target=\"_blank\" rel=\"noopener\">coup de vent<\/a> s\u2019ajoute \u00e0 une m\u00e9t\u00e9o d\u00e9j\u00e0 perturb\u00e9e. Des <strong>rafales jusqu\u2019\u00e0 100 km\/h<\/strong> sont attendues entre ce dimanche 14 septembre et lundi 15, confirme \u00e0 actu.fr le m\u00e9t\u00e9orologue Yann Amice.\u00a0<\/p>\n<p class=\" wall-content\">En cause, <a href=\"https:\/\/actu.fr\/tag\/intemperies\" target=\"_blank\" rel=\"noopener\">une perturbation<\/a> de passage sur les \u00celes Britanniques qui va secouer un peu aussi la France. Cette perturbation, accompagn\u00e9e de pluie, g\u00e9n\u00e9rera \u00e9galement un coup de vent, de la Bretagne aux fronti\u00e8res belges. Voici ce qui nous attend.<\/p>\n<p>Un coup de vent confirm\u00e9 entre dimanche et lundi<\/p>\n<p class=\" wall-content\">Ce <strong>coup de vent est attendu \u00e0 partir du dimanche 14 septembre<\/strong>, dans l\u2019apr\u00e8s-midi. Et il devrait durer <strong>jusqu\u2019au lundi 15 septembre<\/strong>, en fin de journ\u00e9e, avant de s\u2019\u00e9vacuer vers la mer du Nord.<\/p>\n<p class=\" wall-content\">Entre dimanche et lundi, les rafales <strong>pourraient atteindre les 100 km\/h<\/strong> sur les c\u00f4tes de la Manche et de la mer du Nord, selon le m\u00e9t\u00e9orologue Yann Amice, voire davantage sur les caps les plus expos\u00e9s.<\/p>\n<p>    <img   decoding=\"async\" loading=\"lazy\" src=\"https:\/\/www.europesays.com\/fr\/wp-content\/uploads\/2025\/09\/ventdimanchelundi-960x635.jpeg\" alt=\"Un coup de vent est attendu en France entre dimanche 14 et lundi 15 septembre 2025.\" width=\"960\" height=\"635\"\/><br \/>\n    Un coup de vent est attendu en France entre dimanche 14 et lundi 15 septembre 2025. (\u00a9Weather\u2019n Co)<\/p>\n<p class=\" wall-content\">\u00ab\u00a0Les vents vont souffler tr\u00e8s fortement sur les r\u00e9gions du nord et notamment en Manche et mer du Nord\u00a0\u00bb, confirme de son c\u00f4t\u00e9 <a href=\"https:\/\/www.meteo-villes.com\/actualites\/coup-de-vent-ou-tempete-quels-risques-dans-les-prochains-jours\" target=\"_blank\" rel=\"noopener\">le site M\u00e9t\u00e9ovilles<\/a>, pr\u00e9voyant les \u00ab\u00a0plus fortes rafales avec souvent 80 \u00e0 90 km\/h, parfois 100 km\/h (notamment vers le Pas-de-Calais)\u00a0\u00bb.<\/p>\n<p class=\" wall-content\">Sur les c\u00f4tes bretonnes, normandes et nordistes, on attend ainsi de <strong>70 \u00e0 90 km\/h<\/strong> de la Bretagne au Nord-Pas-de-Calais. Ailleurs dans les terres, des Pays de la Loire au Grand-Est, <strong>des rafales de 60 \u00e0 70 km\/h<\/strong> pourraient \u00eatre enregistr\u00e9es.<\/p>\n<p>Votre r\u00e9gion, votre actu !<\/p>\n<p>Recevez chaque jour les infos qui comptent pour vous.<\/p>\n<p>\t<a href=\"https:\/\/actu.fr\/newsletter\" class=\"ac-btn ac-btn--corner ac-btn--medium ac-btn--blue800\" target=\"_blank\" rel=\"noopener\">S&rsquo;incrire<\/a><\/p>\n<p class=\" wall-content\"><strong>Voici les rafales attendues entre dimanche et mardi, selon le mod\u00e8le allemand Icon (carte issue de <a href=\"http:\/\/meteociel.fr\/\" target=\"_blank\" rel=\"noopener\">M\u00e9t\u00e9ociel<\/a>) :<\/strong><\/p>\n<p class=\" wall-content\"><img decoding=\"async\" src=\"https:\/\/www.europesays.com\/fr\/wp-content\/uploads\/2025\/09\/animsxn0.gif\" loading=\"lazy\"\/><\/p>\n<p>Accalmie puis nouveau coup de vent en milieu de semaine<\/p>\n<p class=\" wall-content\">Apr\u00e8s le passage de cette perturbation, \u00ab\u00a0une accalmie se dessine pour lundi et mardi\u00a0\u00bb, nous indique Yann Amice. Avant un nouveau coup de vent qui se confirme \u00e0 partir du mercredi 17 septembre, ajoute-t-il.<\/p>\n<p class=\" wall-content\">Cette perturbation pluvieuse pourrait apporter de nouveaux cumuls de pr\u00e9cipitations importants dans la moiti\u00e9 nord, avec des rafales assez violentes, qui <strong>pourraient atteindre les 110 km\/h<\/strong>.<\/p>\n<p class=\" wall-content\">Si ce coup de vent est confirm\u00e9, les pr\u00e9visions pour mercredi restent incertaines et pourraient \u00eatre ajust\u00e9es dans les prochains jours.<\/p>\n<p class=\" wall-content\">Personnalisez votre actualit\u00e9 en ajoutant vos villes et m\u00e9dias en favori avec <a href=\"https:\/\/moncompte.actu.fr\" title=\"D\u00e9couvez Mon Actu\" rel=\"nofollow noopener\" data-trk=\"{&quot;cta&quot;:{&quot;action&quot;:&quot;https:\\\/\\\/moncompte.actu.fr&quot;,&quot;category&quot;:&quot;mon compte&quot;,&quot;from&quot;:&quot;article footer&quot;,&quot;name&quot;:&quot;Mon actu&quot;,&quot;type&quot;:&quot;cta&quot;}}\" target=\"_blank\">Mon Actu<\/a>.<\/p>\n","protected":false},"excerpt":{"rendered":"Par Johann Foucault Publi\u00e9 le 13 sept. 2025 \u00e0 19h32 D\u00e9j\u00e0 que le week-end est maussade, entre nuages,&hellip;\n","protected":false},"author":2,"featured_media":389070,"comment_status":"","ping_status":"","sticky":false,"template":"","format":"standard","meta":{"footnotes":""},"categories":[2],"tags":[11,1011,27,3059,2487,2357,12,25],"class_list":{"0":"post-389069","1":"post","2":"type-post","3":"status-publish","4":"format-standard","5":"has-post-thumbnail","7":"category-actualites","8":"tag-actualites","9":"tag-fr","10":"tag-france","11":"tag-intemperies","12":"tag-meteo","13":"tag-meteo-france","14":"tag-news","15":"tag-republique-francaise"},"share_on_mastodon":{"url":"https:\/\/pubeurope.com\/@fr\/115199839073833938","error":""},"_links":{"self":[{"href":"https:\/\/www.europesays.com\/fr\/wp-json\/wp\/v2\/posts\/389069","targetHints":{"allow":["GET"]}}],"collection":[{"href":"https:\/\/www.europesays.com\/fr\/wp-json\/wp\/v2\/posts"}],"about":[{"href":"https:\/\/www.europesays.com\/fr\/wp-json\/wp\/v2\/types\/post"}],"author":[{"embeddable":true,"href":"https:\/\/www.europesays.com\/fr\/wp-json\/wp\/v2\/users\/2"}],"replies":[{"embeddable":true,"href":"https:\/\/www.europesays.com\/fr\/wp-json\/wp\/v2\/comments?post=389069"}],"version-history":[{"count":0,"href":"https:\/\/www.europesays.com\/fr\/wp-json\/wp\/v2\/posts\/389069\/revisions"}],"wp:featuredmedia":[{"embeddable":true,"href":"https:\/\/www.europesays.com\/fr\/wp-json\/wp\/v2\/media\/389070"}],"wp:attachment":[{"href":"https:\/\/www.europesays.com\/fr\/wp-json\/wp\/v2\/media?parent=389069"}],"wp:term":[{"taxonomy":"category","embeddable":true,"href":"https:\/\/www.europesays.com\/fr\/wp-json\/wp\/v2\/categories?post=389069"},{"taxonomy":"post_tag","embeddable":true,"href":"https:\/\/www.europesays.com\/fr\/wp-json\/wp\/v2\/tags?post=389069"}],"curies":[{"name":"wp","href":"https:\/\/api.w.org\/{rel}","templated":true}]}}