{"id":389071,"date":"2025-09-14T00:33:15","date_gmt":"2025-09-14T00:33:15","guid":{"rendered":"https:\/\/www.europesays.com\/fr\/389071\/"},"modified":"2025-09-14T00:33:15","modified_gmt":"2025-09-14T00:33:15","slug":"1943-joseph-kessel-sengage-dans-la-france-libre","status":"publish","type":"post","link":"https:\/\/www.europesays.com\/fr\/389071\/","title":{"rendered":"1943, Joseph Kessel s&rsquo;engage dans la France Libre"},"content":{"rendered":"<p class=\"PopSlotParagraph qg-tx2 qg-xtra-lh svelte-1r0pyek\">Joseph Kessel, \u00e9chappant de peu \u00e0 une arrestation d\u00e9but 1943, r\u00e9ussit \u00e0 rejoindre l\u2019Angleterre et les rangs de la France Libre. Pour ce juif russe, immigr\u00e9 longtemps apatride, qui avait fait de la France sa patrie d\u2019adoption, le combat contre Hitler et pour la libert\u00e9 sonnait comme une \u00e9vidence.<\/p>\n<p class=\"PopSlotParagraph qg-tx2 qg-xtra-lh svelte-1r0pyek\">Rediffusion du 09\/02\/2020<br \/>\u00ab\u00a0La R\u00e9sistance est peut-\u00eatre la p\u00e9riode de ma vie o\u00f9 j\u2019ai appris le plus de choses. C\u2019est l\u00e0 que j\u2019ai vu le plus de d\u00e9vouement, de courage, de fraternit\u00e9\u00a0\u00bb dira Joseph Kessel.<br \/>Pourtant, des aventures, des voyages, des risques, des combats a\u00e9riens m\u00eame, des amours et des amiti\u00e9s exceptionnelles, Joseph Kessel, \u00e9crivain et journaliste, en avait d\u00e9j\u00e0 connues beaucoup avant la Seconde Guerre mondiale. Mais pour ce juif russe, n\u00e9 par hasard en Argentine, immigr\u00e9 longtemps apatride, qui avait fait de la France sa patrie d\u2019adoption et de litt\u00e9rature, le combat contre Hitler et pour la libert\u00e9 sonna comme une \u00e9vidence \u00e0 l\u2019heure des p\u00e9rils.<br \/>R\u00e9sistance en France\u2026 Puis, \u00e9chappant de peu \u00e0 une arrestation, en janvier 1943, il r\u00e9ussit apr\u00e8s un long p\u00e9riple \u00e0 rejoindre l\u2019Angleterre &#8211; ce que si peu d\u2019intellectuels fran\u00e7ais ont fait. Le souhait de Kessel\u00a0: combattre dans les rangs de la France Libre du g\u00e9n\u00e9ral de Gaulle.<br \/>Mais, entre interrogatoires des services de renseignements et longues beuveries dans les bars londoniens, le bouillant et angoiss\u00e9 Kessel devra attendre, attendre encore, avant de pouvoir partir au combat.<br \/>L\u2019attente ne sera pas vaine\u00a0: c\u2019est dans ces heures d\u2019incertitude que Joseph Kessel et son neveu, Maurice Druon, \u00e9criront LA chanson de la R\u00e9sistance, Le Chant des Partisans, dont il dira\u00a0: \u00ab\u00a0Peut-\u00eatre est-ce l\u00e0 tout ce qui restera de nous\u00a0\u00bb.<br \/>L&rsquo;invit\u00e9\u00a0: Olivier Weber, \u00e9crivain et grand reporter, laur\u00e9at de nombreux prix dont le prix Albert Londres et le prix Joseph Kessel. Auteur du \u00ab\u00a0Dictionnaire Amoureux de Joseph Kessel\u00a0\u00bb paru chez Plon en 2019.<br \/>La fiction\u00a0: \u00ab\u00a01943. Joseph Kessel s\u2019engage dans la France Libre\u00a0\u00bb de Thady Macnamara<br \/>Avec les voix de\u00a0:<br \/>Joseph Kessel\u00a0: Gr\u00e9goire Monsaingeon<br \/>Anna Marly\u00a0: Tatiana Spivakova<br \/>Germaine Sablon\u00a0: Nathalie Lacroix<br \/>Andr\u00e9 Bernheim\u00a0: Patrice Bornand<br \/>Maurice Druon\u00a0: Hector Manuel<br \/>Le capitaine anglais\u00a0: Kester Lovelace<br \/>Ainsi que l&rsquo;\u00e9quipe de r\u00e9alisation\u00a0:<br \/>Bruitages\u00a0: Bertrand Amiel<br \/>Prise de son, montage et mixage\u00a0: Claude Niort et Mathieu Tourren<br \/>Assistante \u00e0 la r\u00e9alisation\u00a0: Justine Dibling<br \/>R\u00e9alisation\u00a0: C\u00e9dric Aussir<br \/>A lire\u00a0: d&rsquo;Olivier Weber, la biographie \u00ab\u00a0Kessel\u00a0: le nomade \u00e9ternel\u00a0\u00bb publi\u00e9 chez Arthaud en 2006 ainsi que les romans et r\u00e9cits de Joseph Kessel publi\u00e9es par Gallimard dans la Biblioth\u00e8que de la Pl\u00e9iade.<br \/>Musique\u00a0: Orion Sun Mary Jane<\/p>\n","protected":false},"excerpt":{"rendered":"Joseph Kessel, \u00e9chappant de peu \u00e0 une arrestation d\u00e9but 1943, r\u00e9ussit \u00e0 rejoindre l\u2019Angleterre et les rangs de&hellip;\n","protected":false},"author":2,"featured_media":389072,"comment_status":"","ping_status":"","sticky":false,"template":"","format":"standard","meta":{"footnotes":""},"categories":[4],"tags":[11,1011,27,12,25],"class_list":{"0":"post-389071","1":"post","2":"type-post","3":"status-publish","4":"format-standard","5":"has-post-thumbnail","7":"category-france","8":"tag-actualites","9":"tag-fr","10":"tag-france","11":"tag-news","12":"tag-republique-francaise"},"share_on_mastodon":{"url":"https:\/\/pubeurope.com\/@fr\/115199842932740712","error":""},"_links":{"self":[{"href":"https:\/\/www.europesays.com\/fr\/wp-json\/wp\/v2\/posts\/389071","targetHints":{"allow":["GET"]}}],"collection":[{"href":"https:\/\/www.europesays.com\/fr\/wp-json\/wp\/v2\/posts"}],"about":[{"href":"https:\/\/www.europesays.com\/fr\/wp-json\/wp\/v2\/types\/post"}],"author":[{"embeddable":true,"href":"https:\/\/www.europesays.com\/fr\/wp-json\/wp\/v2\/users\/2"}],"replies":[{"embeddable":true,"href":"https:\/\/www.europesays.com\/fr\/wp-json\/wp\/v2\/comments?post=389071"}],"version-history":[{"count":0,"href":"https:\/\/www.europesays.com\/fr\/wp-json\/wp\/v2\/posts\/389071\/revisions"}],"wp:featuredmedia":[{"embeddable":true,"href":"https:\/\/www.europesays.com\/fr\/wp-json\/wp\/v2\/media\/389072"}],"wp:attachment":[{"href":"https:\/\/www.europesays.com\/fr\/wp-json\/wp\/v2\/media?parent=389071"}],"wp:term":[{"taxonomy":"category","embeddable":true,"href":"https:\/\/www.europesays.com\/fr\/wp-json\/wp\/v2\/categories?post=389071"},{"taxonomy":"post_tag","embeddable":true,"href":"https:\/\/www.europesays.com\/fr\/wp-json\/wp\/v2\/tags?post=389071"}],"curies":[{"name":"wp","href":"https:\/\/api.w.org\/{rel}","templated":true}]}}