{"id":389075,"date":"2025-09-14T00:37:13","date_gmt":"2025-09-14T00:37:13","guid":{"rendered":"https:\/\/www.europesays.com\/fr\/389075\/"},"modified":"2025-09-14T00:37:13","modified_gmt":"2025-09-14T00:37:13","slug":"atp-tsitsipas-cest-sans-aucun-doute-lune-de-mes-semaines-preferees-dans-lannee","status":"publish","type":"post","link":"https:\/\/www.europesays.com\/fr\/389075\/","title":{"rendered":"ATP > Tsitsipas : \u00ab\u00a0C&rsquo;est sans aucun doute l&rsquo;une de mes semaines pr\u00e9f\u00e9r\u00e9es dans l&rsquo;ann\u00e9e\u00a0\u00bb"},"content":{"rendered":"<p>\u00ab\u202fCe titre aurait proba\u00adble\u00adment plus de valeur qu\u2019un Grand Chelem\u202f\u00bb, <a href=\"https:\/\/www.welovetennis.fr\/atp\/tsitsipas-ce-titre-aurait-probablement-plus-de-valeur-quun-grand-chelem\" data-wpel-link=\"internal\" target=\"_blank\" rel=\"noopener\">avait d\u00e9clar\u00e9 Stefanos Tsitsipas \u00e0 propos de la Coupe Davis<\/a>. <\/p>\n<p>En grande diffi\u00adcult\u00e9 ces derniers mois, le 27e mondial se r\u00e9jouit de retrouver ses co\u00e9qui\u00adpiers grecs cette semaine pour affronter le Br\u00e9sil.\u00a0<\/p>\n<blockquote class=\"twitter-tweet\">\n<p lang=\"en\" dir=\"ltr\">Davis Cup brings such a different flavour to tennis compe\u00adti\u00adtion and atmos\u00adphere. It\u2019s got to be one of my favou\u00adrite weeks of the year by\u00a0far.<\/p>\n<p>\u2014 Stefanos Tsitsipas (@steftsitsipas) <a href=\"https:\/\/twitter.com\/steftsitsipas\/status\/1966514655460814928?ref_src=twsrc%5Etfw\" data-wpel-link=\"external\" target=\"_blank\" rel=\"nofollow external noopener\">September 12,\u00a02025<\/a><\/p><\/blockquote>\n<p><strong>\u00ab\u202fLa Coupe Davis apporte une touche et une atmo\u00adsph\u00e8re diff\u00e9\u00adrentes au tennis. C\u2019est sans aucun doute l\u2019une de mes semaines pr\u00e9f\u00e9\u00adr\u00e9es de l\u2019ann\u00e9e\u202f\u00bb<\/strong>, a \u00e9crit Tsitsipas sur le r\u00e9seau social X.\u00a0<\/p>\n<p class=\"post-published-date\" style=\"color: silver; font-size: 75%; text-align: left;\">Publi\u00e9 le samedi 13 septembre 2025 \u00e0 14:47<\/p>\n<p><script async src=\"https:\/\/platform.twitter.com\/widgets.js\" charset=\"utf-8\"><\/script><\/p>\n","protected":false},"excerpt":{"rendered":"\u00ab\u202fCe titre aurait proba\u00adble\u00adment plus de valeur qu\u2019un Grand Chelem\u202f\u00bb, avait d\u00e9clar\u00e9 Stefanos Tsitsipas \u00e0 propos de la&hellip;\n","protected":false},"author":2,"featured_media":295618,"comment_status":"","ping_status":"","sticky":false,"template":"","format":"standard","meta":{"footnotes":""},"categories":[1415],"tags":[1011,27,60,1467,5443],"class_list":{"0":"post-389075","1":"post","2":"type-post","3":"status-publish","4":"format-standard","5":"has-post-thumbnail","7":"category-tennis","8":"tag-fr","9":"tag-france","10":"tag-sports","11":"tag-tennis","12":"tag-tsitsipas"},"share_on_mastodon":{"url":"https:\/\/pubeurope.com\/@fr\/115199858595291125","error":""},"_links":{"self":[{"href":"https:\/\/www.europesays.com\/fr\/wp-json\/wp\/v2\/posts\/389075","targetHints":{"allow":["GET"]}}],"collection":[{"href":"https:\/\/www.europesays.com\/fr\/wp-json\/wp\/v2\/posts"}],"about":[{"href":"https:\/\/www.europesays.com\/fr\/wp-json\/wp\/v2\/types\/post"}],"author":[{"embeddable":true,"href":"https:\/\/www.europesays.com\/fr\/wp-json\/wp\/v2\/users\/2"}],"replies":[{"embeddable":true,"href":"https:\/\/www.europesays.com\/fr\/wp-json\/wp\/v2\/comments?post=389075"}],"version-history":[{"count":0,"href":"https:\/\/www.europesays.com\/fr\/wp-json\/wp\/v2\/posts\/389075\/revisions"}],"wp:featuredmedia":[{"embeddable":true,"href":"https:\/\/www.europesays.com\/fr\/wp-json\/wp\/v2\/media\/295618"}],"wp:attachment":[{"href":"https:\/\/www.europesays.com\/fr\/wp-json\/wp\/v2\/media?parent=389075"}],"wp:term":[{"taxonomy":"category","embeddable":true,"href":"https:\/\/www.europesays.com\/fr\/wp-json\/wp\/v2\/categories?post=389075"},{"taxonomy":"post_tag","embeddable":true,"href":"https:\/\/www.europesays.com\/fr\/wp-json\/wp\/v2\/tags?post=389075"}],"curies":[{"name":"wp","href":"https:\/\/api.w.org\/{rel}","templated":true}]}}