{"id":389078,"date":"2025-09-14T00:40:18","date_gmt":"2025-09-14T00:40:18","guid":{"rendered":"https:\/\/www.europesays.com\/fr\/389078\/"},"modified":"2025-09-14T00:40:18","modified_gmt":"2025-09-14T00:40:18","slug":"f1-ferrari-catastrophe-pour-hamilton-son-depart-est-annonce","status":"publish","type":"post","link":"https:\/\/www.europesays.com\/fr\/389078\/","title":{"rendered":"F1 &#8211; Ferrari : Catastrophe pour Hamilton, son d\u00e9part est annonc\u00e9 !"},"content":{"rendered":"<p>                    Alexis Poch<br \/>\n                        &#8211;<\/p>\n<p>Journaliste<\/p>\n<p>Titulaire d&rsquo;un Master en journalisme sportif, je suis tomb\u00e9 amoureux du tennis d\u00e8s l&rsquo;enfance et j&rsquo;ai toujours aim\u00e9 lire les belles histoires de ce sport. Aujourd&rsquo;hui, je souhaite les raconter, profiter de ma passion \u00e0 fond et \u00eatre au plus proche des as du circuit.<\/p>\n<p class=\"heading\">En choisissant de mettre fin \u00e0 sa collaboration avec Mercedes, Lewis Hamilton a sign\u00e9 chez Ferrari cette ann\u00e9e. Mais les choses ne se passent pas tr\u00e8s bien sur le plan sportif depuis le d\u00e9but de la saison. L&rsquo;\u00e9curie italienne a m\u00eame vu des rumeurs concernant la place de Fr\u00e9d\u00e9ric Vasseur \u00e9merger. Pour Derek Daly, ancien pilote de Formule 1, ces rumeurs ne seraient pas si infond\u00e9es.<\/p>\n<p>Septuple champion du monde,<strong> <\/strong><a href=\"https:\/\/le10sport.com\/formule1\/f1-hamilton-bizarre-un-francais-balance-sur-leur-relation-757825\" target=\"_blank\" rel=\"noopener\"><strong>Lewis Hamilton<\/strong><\/a><strong> <\/strong>a marqu\u00e9 l&rsquo;histoire de la <strong>Formule 1 <\/strong>\u00e0 tout jamais. Mais \u00e0 40 ans, il est forc\u00e9ment plus difficile de continuer \u00e0 avoir de gros r\u00e9sultats. Cette ann\u00e9e, le Britannique a du mal \u00e0 briller dans sa <strong>Ferrari<\/strong>, lui qui a tout de m\u00eame remport\u00e9 deux courses l&rsquo;an dernier. <strong>Derek Daly<\/strong> sugg\u00e8re \u00e0 <strong>Hamilton <\/strong>de commencer \u00e0 r\u00e9fl\u00e9chir \u00e0 une autre alternative pour la suite et fin de sa carri\u00e8re.<\/p>\n<p>                                            Vasseur en danger \u00e0 cause de Hamilton ?<\/p>\n<p>Incapable d&rsquo;aller d\u00e9crocher le moindre podium en <strong>Grand Prix<\/strong> en 2025 pour le moment, <strong>Lewis Hamilton<\/strong> ne rend pas vraiment service \u00e0 son manager <strong>Fr\u00e9d\u00e9ric Vasseur<\/strong> m\u00eame s&rsquo;il y a encore de l&rsquo;espoir. \u00ab Le transfert de Lewis \u00e0 Ferrari pourrait au final co\u00fbter cher \u00e0 Vasseur. Lewis Hamilton \u00e9tait l&rsquo;un des pilotes les plus dou\u00e9s que le monde ait jamais connus. Mais je pense que ses meilleurs jours sont derri\u00e8re lui. Psychologiquement, il est tout simplement impossible d&rsquo;avoir les m\u00eames instincts et les m\u00eames r\u00e9flexes qu&rsquo;\u00e0 vingt ans. C&rsquo;est la vie. C&rsquo;est la nature humaine. Hamilton avait acc\u00e8s \u00e0 ces comp\u00e9tences dans le pass\u00e9. La meilleure chose qu&rsquo;il puisse faire est de l&rsquo;accepter, de prendre du recul et de se concentrer sur le prochain chapitre de sa carri\u00e8re \u00bb d\u00e9clare <strong>Derek Daly<\/strong>, ancien pilote de Formule 1, dans des propos rapport\u00e9s par RacingNews365.<\/p>\n<p>                                            Hamilton plus au niveau ?<\/p>\n<p>Illustre champion chez <strong>Mercedes, Lewis Hamilton<\/strong> n&rsquo;arrive plus \u00e0 d\u00e9ployer le m\u00eame niveau pour briller en course chez <strong>Ferrari<\/strong>. M\u00eame si son association avec <strong>Charles Leclerc<\/strong> met l&rsquo;eau \u00e0 la bouche, force est de constater que l&rsquo;\u00e9curie italienne ne joue pas vraiment les premiers r\u00f4les cette ann\u00e9e. Et cela pourrait forcer <strong>Hamilton <\/strong>\u00e0 changer de cap&#8230;<\/p>\n","protected":false},"excerpt":{"rendered":"Alexis Poch &#8211; Journaliste Titulaire d&rsquo;un Master en journalisme sportif, je suis tomb\u00e9 amoureux du tennis d\u00e8s l&rsquo;enfance&hellip;\n","protected":false},"author":2,"featured_media":389079,"comment_status":"","ping_status":"","sticky":false,"template":"","format":"standard","meta":{"footnotes":""},"categories":[1412],"tags":[1451,1452,1453,1454,1455,1011,27,60],"class_list":{"0":"post-389078","1":"post","2":"type-post","3":"status-publish","4":"format-standard","5":"has-post-thumbnail","7":"category-f1","8":"tag-f1","9":"tag-formula-1","10":"tag-formula1","11":"tag-formule-1","12":"tag-formule1","13":"tag-fr","14":"tag-france","15":"tag-sports"},"share_on_mastodon":{"url":"https:\/\/pubeurope.com\/@fr\/115199870486389936","error":""},"_links":{"self":[{"href":"https:\/\/www.europesays.com\/fr\/wp-json\/wp\/v2\/posts\/389078","targetHints":{"allow":["GET"]}}],"collection":[{"href":"https:\/\/www.europesays.com\/fr\/wp-json\/wp\/v2\/posts"}],"about":[{"href":"https:\/\/www.europesays.com\/fr\/wp-json\/wp\/v2\/types\/post"}],"author":[{"embeddable":true,"href":"https:\/\/www.europesays.com\/fr\/wp-json\/wp\/v2\/users\/2"}],"replies":[{"embeddable":true,"href":"https:\/\/www.europesays.com\/fr\/wp-json\/wp\/v2\/comments?post=389078"}],"version-history":[{"count":0,"href":"https:\/\/www.europesays.com\/fr\/wp-json\/wp\/v2\/posts\/389078\/revisions"}],"wp:featuredmedia":[{"embeddable":true,"href":"https:\/\/www.europesays.com\/fr\/wp-json\/wp\/v2\/media\/389079"}],"wp:attachment":[{"href":"https:\/\/www.europesays.com\/fr\/wp-json\/wp\/v2\/media?parent=389078"}],"wp:term":[{"taxonomy":"category","embeddable":true,"href":"https:\/\/www.europesays.com\/fr\/wp-json\/wp\/v2\/categories?post=389078"},{"taxonomy":"post_tag","embeddable":true,"href":"https:\/\/www.europesays.com\/fr\/wp-json\/wp\/v2\/tags?post=389078"}],"curies":[{"name":"wp","href":"https:\/\/api.w.org\/{rel}","templated":true}]}}