{"id":389080,"date":"2025-09-14T00:41:13","date_gmt":"2025-09-14T00:41:13","guid":{"rendered":"https:\/\/www.europesays.com\/fr\/389080\/"},"modified":"2025-09-14T00:41:13","modified_gmt":"2025-09-14T00:41:13","slug":"il-na-pas-fait-si-moche-les-cyclistes-des-roch-des-monts-darree-sont-passes-entre-les-gouttes-en-images","status":"publish","type":"post","link":"https:\/\/www.europesays.com\/fr\/389080\/","title":{"rendered":"\u00ab\u00a0Il n\u2019a pas fait si moche\u00a0!\u00a0\u00bb\u00a0: les cyclistes des Roc\u2019h des monts d\u2019Arr\u00e9e sont pass\u00e9s entre les gouttes [En images]"},"content":{"rendered":"<p>Article r\u00e9serv\u00e9 aux abonn\u00e9s<\/p>\n<p class=\"tlg-author\">\n                Par<br \/>\n                Enora Nicolas<\/p>\n<p>Le 13 septembre 2025 \u00e0 20h14<\/p>\n<p class=\"tlg-h5\">Ce samedi 13\u00a0septembre, les Roc\u2019h des monts d\u2019Arr\u00e9e ont r\u00e9uni pr\u00e8s de 2\u00a0500 participants. Quelques averses se sont invit\u00e9es, mais n\u2019ont pas g\u00e2ch\u00e9 la f\u00eate.<\/p>\n<p><img fetchpriority=\"high\" decoding=\"async\" src=\"https:\/\/www.europesays.com\/fr\/wp-content\/uploads\/2025\/09\/68c5baeb9b138fe4480eaf72.1.jpeg\" width=\"960\" height=\"600\" class=\"web_golden_xl\" loading=\"eager\" alt=\"Les Roc\u2019h des monts d\u2019Arr\u00e9e b\u00e9n\u00e9ficient d\u2019un cadre exceptionnel. Ce participant \u00e0 la course gravel de 65\u00a0km a une vue imprenable sur le mont Saint-Michel de Brasparts et sa chapelle.\"\/>Les Roc\u2019h des monts d\u2019Arr\u00e9e b\u00e9n\u00e9ficient d\u2019un cadre exceptionnel. Ce participant \u00e0 la course gravel de 65\u00a0km a une vue imprenable sur le mont Saint-Michel de Brasparts et sa chapelle. (Le T\u00e9l\u00e9gramme\/Enora Nicolas)<\/p>\n","protected":false},"excerpt":{"rendered":"Article r\u00e9serv\u00e9 aux abonn\u00e9s Par Enora Nicolas Le 13 septembre 2025 \u00e0 20h14 Ce samedi 13\u00a0septembre, les Roc\u2019h&hellip;\n","protected":false},"author":2,"featured_media":389081,"comment_status":"","ping_status":"","sticky":false,"template":"","format":"standard","meta":{"footnotes":""},"categories":[1411],"tags":[829,5934,1154,207,765,3321,1011,27,26041,2131,2742,60,208,8012],"class_list":{"0":"post-389080","1":"post","2":"type-post","3":"status-publish","4":"format-standard","5":"has-post-thumbnail","7":"category-cyclisme","8":"tag-bretagne","9":"tag-carhaix-plouguer","10":"tag-cycling","11":"tag-cyclisme","12":"tag-en-continu","13":"tag-finistere","14":"tag-fr","15":"tag-france","16":"tag-huelgoat","17":"tag-morlaix","18":"tag-nature","19":"tag-sports","20":"tag-velo","21":"tag-vtt"},"share_on_mastodon":{"url":"https:\/\/pubeurope.com\/@fr\/115199874718415917","error":""},"_links":{"self":[{"href":"https:\/\/www.europesays.com\/fr\/wp-json\/wp\/v2\/posts\/389080","targetHints":{"allow":["GET"]}}],"collection":[{"href":"https:\/\/www.europesays.com\/fr\/wp-json\/wp\/v2\/posts"}],"about":[{"href":"https:\/\/www.europesays.com\/fr\/wp-json\/wp\/v2\/types\/post"}],"author":[{"embeddable":true,"href":"https:\/\/www.europesays.com\/fr\/wp-json\/wp\/v2\/users\/2"}],"replies":[{"embeddable":true,"href":"https:\/\/www.europesays.com\/fr\/wp-json\/wp\/v2\/comments?post=389080"}],"version-history":[{"count":0,"href":"https:\/\/www.europesays.com\/fr\/wp-json\/wp\/v2\/posts\/389080\/revisions"}],"wp:featuredmedia":[{"embeddable":true,"href":"https:\/\/www.europesays.com\/fr\/wp-json\/wp\/v2\/media\/389081"}],"wp:attachment":[{"href":"https:\/\/www.europesays.com\/fr\/wp-json\/wp\/v2\/media?parent=389080"}],"wp:term":[{"taxonomy":"category","embeddable":true,"href":"https:\/\/www.europesays.com\/fr\/wp-json\/wp\/v2\/categories?post=389080"},{"taxonomy":"post_tag","embeddable":true,"href":"https:\/\/www.europesays.com\/fr\/wp-json\/wp\/v2\/tags?post=389080"}],"curies":[{"name":"wp","href":"https:\/\/api.w.org\/{rel}","templated":true}]}}