{"id":38909,"date":"2025-04-20T12:49:23","date_gmt":"2025-04-20T12:49:23","guid":{"rendered":"https:\/\/www.europesays.com\/fr\/38909\/"},"modified":"2025-04-20T12:49:23","modified_gmt":"2025-04-20T12:49:23","slug":"strasbourg-vegetalisation-rue-scolaire-les-conseils-de-francelyne-marano-pour-limiter-les-risques-de-cancer","status":"publish","type":"post","link":"https:\/\/www.europesays.com\/fr\/38909\/","title":{"rendered":"Strasbourg. V\u00e9g\u00e9talisation, rue scolaire\u2026 les conseils de Francelyne Marano\u00a0pour limiter les risques de cancer"},"content":{"rendered":"<blockquote class=\"question\"><p>Francelyne Marano, quelles sont les diff\u00e9rentes causes de cancer d\u00fb \u00e0 l\u2019environnement\u00a0?<\/p><\/blockquote>\n<p>\u00ab\u00a0Dans l\u2019environnement, beaucoup de facteurs diff\u00e9rents peuvent \u00eatre associ\u00e9s au risque de cancer, qu\u2019on peut r\u00e9partir selon trois voies d\u2019exposition. La voie respiratoire est touch\u00e9e par les pesticides qui se retrouvent dans l\u2019air en p\u00e9riode d\u2019\u00e9pandage, le benz\u00e8ne de l\u2019essence, l\u2019amiante, les particules atmosph\u00e9riques, l\u2019ozone\u2026 On \u00e9value que pr\u00e8s de 10\u00a0% des cancers du poumon sont dus \u00e0 <a href=\"https:\/\/www.dna.fr\/environnement\/2025\/04\/18\/fermeture-definitive-pour-les-jardins-familiaux-du-glacis-en-raison-d-une-pollution-des-sols\" target=\"_blank\" rel=\"noopener\"> la pollution<\/a> de l\u2019air. Ensuite, il y a la voie digestive o\u00f9 on retrouve aussi les pesticides, ainsi que certains additifs et parfois des toxines&#8230;<\/p>\n","protected":false},"excerpt":{"rendered":"Francelyne Marano, quelles sont les diff\u00e9rentes causes de cancer d\u00fb \u00e0 l\u2019environnement\u00a0? \u00ab\u00a0Dans l\u2019environnement, beaucoup de facteurs diff\u00e9rents&hellip;\n","protected":false},"author":2,"featured_media":38910,"comment_status":"","ping_status":"","sticky":false,"template":"","format":"standard","meta":{"footnotes":""},"categories":[2820],"tags":[1111,11,4983,4523,2880,1777,674,107,1011,27,775,5362,224,12,25,71,104,640,2879],"class_list":{"0":"post-38909","1":"post","2":"type-post","3":"status-publish","4":"format-standard","5":"has-post-thumbnail","7":"category-strasbourg","8":"tag-actu","9":"tag-actualites","10":"tag-bien-etre","11":"tag-conseils-pratiques","12":"tag-edition-strasbourg","13":"tag-eu","14":"tag-europe","15":"tag-fil-info","16":"tag-fr","17":"tag-france","18":"tag-grand-est","19":"tag-magazine-sante","20":"tag-medecine","21":"tag-news","22":"tag-republique-francaise","23":"tag-sante","24":"tag-societe","25":"tag-strasbourg","26":"tag-strasbourg-ville"},"share_on_mastodon":{"url":"https:\/\/pubeurope.com\/@fr\/114370377398278229","error":""},"_links":{"self":[{"href":"https:\/\/www.europesays.com\/fr\/wp-json\/wp\/v2\/posts\/38909","targetHints":{"allow":["GET"]}}],"collection":[{"href":"https:\/\/www.europesays.com\/fr\/wp-json\/wp\/v2\/posts"}],"about":[{"href":"https:\/\/www.europesays.com\/fr\/wp-json\/wp\/v2\/types\/post"}],"author":[{"embeddable":true,"href":"https:\/\/www.europesays.com\/fr\/wp-json\/wp\/v2\/users\/2"}],"replies":[{"embeddable":true,"href":"https:\/\/www.europesays.com\/fr\/wp-json\/wp\/v2\/comments?post=38909"}],"version-history":[{"count":0,"href":"https:\/\/www.europesays.com\/fr\/wp-json\/wp\/v2\/posts\/38909\/revisions"}],"wp:featuredmedia":[{"embeddable":true,"href":"https:\/\/www.europesays.com\/fr\/wp-json\/wp\/v2\/media\/38910"}],"wp:attachment":[{"href":"https:\/\/www.europesays.com\/fr\/wp-json\/wp\/v2\/media?parent=38909"}],"wp:term":[{"taxonomy":"category","embeddable":true,"href":"https:\/\/www.europesays.com\/fr\/wp-json\/wp\/v2\/categories?post=38909"},{"taxonomy":"post_tag","embeddable":true,"href":"https:\/\/www.europesays.com\/fr\/wp-json\/wp\/v2\/tags?post=38909"}],"curies":[{"name":"wp","href":"https:\/\/api.w.org\/{rel}","templated":true}]}}