{"id":389096,"date":"2025-09-14T00:49:11","date_gmt":"2025-09-14T00:49:11","guid":{"rendered":"https:\/\/www.europesays.com\/fr\/389096\/"},"modified":"2025-09-14T00:49:11","modified_gmt":"2025-09-14T00:49:11","slug":"lassociation-biscachats-lance-un-appel-durgence-a-ladoption","status":"publish","type":"post","link":"https:\/\/www.europesays.com\/fr\/389096\/","title":{"rendered":"l\u2019association BiscaChats lance un appel d\u2019urgence \u00e0 l\u2019adoption"},"content":{"rendered":"<p>Face au constat de l\u2019abandon d\u2019un grand nombre de chats domestiques cet \u00e9t\u00e9, Chantal Brunet, pr\u00e9sidente de BiscaChats, lance un appel pour les prot\u00e9ger et soutenir l\u2019adoption des pensionnaires que recueillent les b\u00e9n\u00e9voles de l\u2019association, qui ont sorti 70 chats de la rue en 2024. Actuellement, 32 chatons et 7 jeunes adultes esp\u00e8rent trouver un foyer et des ma\u00eetres aimants.<\/p>\n<p>\u00ab\u00a0On r\u00e9cup\u00e8re tous les chats non-identifi\u00e9s sans exclusivit\u00e9. Malheureusement, nous ne pouvons pas intervenir dans des cas av\u00e9r\u00e9s de maltraitance. Gr\u00e2ce \u00e0 l\u2019aide pr\u00e9cieuse des v\u00e9t\u00e9rinaires, on r\u00e9pertorie tous les animaux que l\u2019on attrape, nous les faisons examiner, vacciner, st\u00e9riliser et pucer, et bien-s\u00fbr nous les nourrissons. La st\u00e9rilisation et l\u2019identification peuvent atteindre 257\u00a0euros. On se d\u00e9m\u00e8ne pour trouver des aides partout afin d\u2019acheter leur nourriture en priorit\u00e9 et nous sollicitons la g\u00e9n\u00e9rosit\u00e9 des citoyens pour nous aider \u00e0 financer notre action, notamment en organisant des lotos et des vide-greniers. Les gens qui aiment les chats sont toujours dans l\u2019empathie, mais on ignore combien les volontaires de BiscaChats se d\u00e9vouent pour nos compagnons f\u00e9lins.\u00a0\u00bb<\/p>\n<p>Recherche familles d\u2019accueil<\/p>\n<p>\u00ab\u00a0Nous recherchons toujours des familles d\u2019accueil pour \u00e9lever les chatons pendant deux ou trois mois et des familles adoptantes \u00e9videmment\u00a0; ainsi que des terrains et des jardins cl\u00f4tur\u00e9s pour les faire \u00e9voluer. On aimerait aussi pouvoir trouver des observateurs par quartier pour rep\u00e9rer les chats errants ou libres. La mortalit\u00e9 des jeunes non-vaccin\u00e9s contre le fiv, la leucose, le typhus et le coryza est tr\u00e8s \u00e9lev\u00e9e bien que nous contribuions grandement \u00e0 \u00e9viter les transmissions virales gr\u00e2ce \u00e0 la st\u00e9rilisation.\u00a0\u00bb<\/p>\n<p>Ne jamais abandonner son chat\u00a0: c\u2019est le cri du c\u0153ur des b\u00e9n\u00e9voles de BiscaChats qui pr\u00e9conisent la \u00ab\u00a0ronronth\u00e9rapie\u00a0\u00bb, dont les bienfaits apaisants sont reconnus. Le chat est un magicien \u00e0 pattes de velours.<\/p>\n","protected":false},"excerpt":{"rendered":"Face au constat de l\u2019abandon d\u2019un grand nombre de chats domestiques cet \u00e9t\u00e9, Chantal Brunet, pr\u00e9sidente de BiscaChats,&hellip;\n","protected":false},"author":2,"featured_media":389097,"comment_status":"","ping_status":"","sticky":false,"template":"","format":"standard","meta":{"footnotes":""},"categories":[10],"tags":[1011,27,72,71],"class_list":{"0":"post-389096","1":"post","2":"type-post","3":"status-publish","4":"format-standard","5":"has-post-thumbnail","7":"category-sante","8":"tag-fr","9":"tag-france","10":"tag-health","11":"tag-sante"},"share_on_mastodon":{"url":"https:\/\/pubeurope.com\/@fr\/115199905871345701","error":""},"_links":{"self":[{"href":"https:\/\/www.europesays.com\/fr\/wp-json\/wp\/v2\/posts\/389096","targetHints":{"allow":["GET"]}}],"collection":[{"href":"https:\/\/www.europesays.com\/fr\/wp-json\/wp\/v2\/posts"}],"about":[{"href":"https:\/\/www.europesays.com\/fr\/wp-json\/wp\/v2\/types\/post"}],"author":[{"embeddable":true,"href":"https:\/\/www.europesays.com\/fr\/wp-json\/wp\/v2\/users\/2"}],"replies":[{"embeddable":true,"href":"https:\/\/www.europesays.com\/fr\/wp-json\/wp\/v2\/comments?post=389096"}],"version-history":[{"count":0,"href":"https:\/\/www.europesays.com\/fr\/wp-json\/wp\/v2\/posts\/389096\/revisions"}],"wp:featuredmedia":[{"embeddable":true,"href":"https:\/\/www.europesays.com\/fr\/wp-json\/wp\/v2\/media\/389097"}],"wp:attachment":[{"href":"https:\/\/www.europesays.com\/fr\/wp-json\/wp\/v2\/media?parent=389096"}],"wp:term":[{"taxonomy":"category","embeddable":true,"href":"https:\/\/www.europesays.com\/fr\/wp-json\/wp\/v2\/categories?post=389096"},{"taxonomy":"post_tag","embeddable":true,"href":"https:\/\/www.europesays.com\/fr\/wp-json\/wp\/v2\/tags?post=389096"}],"curies":[{"name":"wp","href":"https:\/\/api.w.org\/{rel}","templated":true}]}}