{"id":389098,"date":"2025-09-14T00:50:13","date_gmt":"2025-09-14T00:50:13","guid":{"rendered":"https:\/\/www.europesays.com\/fr\/389098\/"},"modified":"2025-09-14T00:50:13","modified_gmt":"2025-09-14T00:50:13","slug":"carlo-ancelotti-lance-un-avertissement-tres-pessimiste-sur-lavenir-des-selections-nationales","status":"publish","type":"post","link":"https:\/\/www.europesays.com\/fr\/389098\/","title":{"rendered":"Carlo Ancelotti lance un avertissement tr\u00e8s pessimiste sur l\u2019avenir des s\u00e9lections nationales"},"content":{"rendered":"<p>Carlo Ancelotti a officiellement pris les r\u00eanes de la s\u00e9lection br\u00e9silienne \u00e0 la fin mai 2025, avec pour mission de relancer la Sele\u00e7\u00e3o apr\u00e8s une p\u00e9riode de r\u00e9sultats mitig\u00e9s sous plusieurs s\u00e9lectionneurs depuis le d\u00e9part de Tite fin 2022. D\u00e8s ses d\u00e9buts, les matchs \u00e9liminatoires pour le Mondial 2026 lui donnent l\u2019occasion de jauger son effectif : un match nul (0-0) contre l\u2019\u00c9quateur, puis une victoire d\u00e9cisive (1-0) face au Paraguay \u00e0 S\u00e3o Paulo. Gr\u00e2ce \u00e0 cette victoire, le <a href=\"https:\/\/www.footmercato.net\/selection\/bresil\/\" rel=\"nofollow noopener\" target=\"_blank\">Br\u00e9sil<\/a> valide sa qualification pour la Coupe du monde 2026. Toutefois, les d\u00e9buts ne furent pas exempts de doutes : des d\u00e9faites ou des performances jug\u00e9es insuffisantes (notamment contre l\u2019Argentine, 4-1, en mars) ont rappel\u00e9 que le chantier est important jusqu\u2019au coup d\u2019envoi du Mondial am\u00e9ricain l\u2019\u00e9t\u00e9 prochain. Au cours de la derni\u00e8re tr\u00eave internationale de septembre, le Br\u00e9sil l\u2019a emport\u00e9 (3-0) contre le Chili, mais a chut\u00e9 (1-0) face \u00e0 la Bolivie \u00e0 El Alto. Ainsi, bien que la qualification soit assur\u00e9e, les derni\u00e8res prestations montrent des zones d\u2019ombre, symptomatiques des d\u00e9fis que souhaite relever Ancelotti qui cherche encore \u00e0 installer son projet : <\/p>\n<p>            La suite apr\u00e8s cette publicit\u00e9<\/p>\n<p>\u00ab C\u2019est un autre rythme. Je dois m\u2019impr\u00e9gner de la culture du pays, c\u2019est pour \u00e7a que je me suis install\u00e9 \u00e0 Rio. J\u2019ai trouv\u00e9 ici une F\u00e9d\u00e9ration tr\u00e8s bien organis\u00e9e. Du pr\u00e9sident de la CBF (Samir Xaud) au directeur (Rodrigo Caetano), tous sont formidables, enthousiastes. On travaille dans une excellente ambiance, avec s\u00e9rieux. Je suis venu avec mes adjoints, mais je n\u2019avais besoin de rien de plus. La structure est parfaite. D\u00e8s le premier jour, le public br\u00e9silien m\u2019a montr\u00e9 beaucoup d\u2019affection. Alors oui, j\u2019esp\u00e8re vraiment qu\u2019on va gagner la Coupe du monde. Le Br\u00e9sil, c\u2019est le c\u0153ur. C\u2019est un honneur. Je n\u2019ai pas pens\u00e9 \u00e0 l\u2019aspect technique ou autre. Juste \u00e0 l\u2019aspect \u00e9motionnel \u00bb, a-t-il affirm\u00e9 dans les colonnes de L\u2019\u00c9quipe. D\u00e9sormais s\u00e9lectionneur apr\u00e8s plusieurs d\u00e9cennies dans le monde des clubs, <a href=\"https:\/\/www.footmercato.net\/entraineur\/carlo-ancelotti\" rel=\"nofollow noopener\" target=\"_blank\">Carlo Ancelotti<\/a> en a profit\u00e9 pour faire passer plusieurs messages, lui qui est d\u00e9sormais de l\u2019autre c\u00f4t\u00e9 du m\u00e9tier. Il y d\u00e9nonce la fr\u00e9n\u00e9sie du calendrier, les risques pour la sant\u00e9 des joueurs et s\u2019inqui\u00e8te de voir les s\u00e9lections nationales perdre de leur importance face \u00e0 la surench\u00e8re des comp\u00e9titions de clubs.<\/p>\n<p>        La cadence du calendrier fait peur<\/p>\n<p>En effet, dans la suite de son grand entretien \u00e0 L\u2019\u00c9quipe, le tacticien italien pointe la multiplication des comp\u00e9titions, l\u2019allongement des championnats, le d\u00e9placement de certaines rencontres dans des lieux lointains. Il regrette ainsi que la FIFA, l\u2019UEFA et les Ligues veuillent toujours plus de matchs sans suffisamment prendre en compte les cons\u00e9quences : \u00ab C\u2019est aujourd\u2019hui le probl\u00e8me du football : il y a trop de matches [\u2026]. Le football de s\u00e9lections va le payer. Apr\u00e8s, je pense que la connexion entre les \u00e9quipes nationales et les clubs est tr\u00e8s importante. Au Br\u00e9sil, on essaie d\u2019\u00e9tablir une relation rigoureuse. On informe r\u00e9guli\u00e8rement les clubs de ce que leurs joueurs font aux entra\u00eenements, dans quel \u00e9tat ils sont, quelles sont leurs donn\u00e9es physiques, mais on demande en \u00e9change que les clubs en fassent autant. Je n\u2019ai pas besoin de convaincre. Aux dates FIFA, les clubs ont l\u2019obligation de laisser les joueurs que je veux. Apr\u00e8s, je garde une relation ouverte. Si Marquinhos vient me voir et me dit qu\u2019il a des probl\u00e8mes, on peut discuter. S\u2019il va bien, il vient. \u00c0 cause de l\u2019augmentation des comp\u00e9titions, oui, le foot de s\u00e9lection a vu son importance se diluer un peu. Mais la Coupe du monde, non ! C\u2019est l\u2019unique comp\u00e9tition qui va \u00eatre vue par le monde entier \u00bb. Ces remarques rejoignent les alertes de la FIFPRO : selon leur rapport \u00ab Player Workload Flash Report 2022 \u00bb, un grand nombre de joueurs \u00e9lites disputent plus de 55 matchs par saison, ce qui les met en risque accru de blessure physique ou de burnout mental. Le passage de la Ligue des champions de 32 \u00e0 36 \u00e9quipes, ou l\u2019expansion des comp\u00e9titions de clubs, accro\u00eet encore ce nombre de matchs. L\u2019Italien de 66 ans insiste : la corr\u00e9lation entre s\u00e9lections nationales et clubs doit \u00eatre rigoureuse pour g\u00e9rer les charges de travail, les \u00e9tats physiques, les donn\u00e9es physiques des joueurs, les entra\u00eenements, le repos\u2026<\/p>\n<p>            La suite apr\u00e8s cette publicit\u00e9<\/p>\n<p>Ces propos soulignent la tension entre les exigences des clubs et des s\u00e9lections. Du c\u00f4t\u00e9 de la recherche ind\u00e9pendante, les rapports de la FIFPRO montrent que 54 % des 1 500 joueurs suivis pour la saison 2023-24 \u00e9taient expos\u00e9s \u00e0 des demandes de charge de travail \u00e9lev\u00e9es ou excessives, 31 % faisaient partie des \u00e9quipes avec plus de 55 matchs dans la saison, et 17 % jouaient effectivement plus de 55 matchs. Environ 30 % des joueurs sont impliqu\u00e9s dans des semaines cons\u00e9cutives avec deux matchs ou plus par semaine sur six semaines. Le rapport signale aussi l\u2019impact sur la sant\u00e9 mentale : troubles de sommeil, fatigue, stress, d\u00e9motivation, burn-out : \u00ab Ce que j\u2019en ai pens\u00e9 de la Coupe du monde des clubs ? Qu\u2019il y a eu des d\u00e9g\u00e2ts incroyables pour les athl\u00e8tes. L\u2019id\u00e9e de cette comp\u00e9tition est plut\u00f4t bonne. Mais il faudrait la placer dans un calendrier qui n\u2019est pas ce calendrier. Seulement, la FIFA veut toujours plus de matches, l\u2019UEFA veut une Ligue des champions avec plus de matches, les Ligues, pour la plupart, ne veulent pas baisser les Championnats de 20 \u00e0 18 \u00e9quipes et m\u00eame certaines F\u00e9d\u00e9rations veulent plus de matches, avec des Supercoupes qui ne sont plus uniquement sur une rencontre, mais deux, et en plus d\u00e9localis\u00e9es en Arabie saoudite. Alors, on fait comment parce qu\u2019il va falloir faire quelque chose \u00bb. L\u2019ancien entra\u00eeneur du PSG et du Real Madrid redoute que le football de s\u00e9lections en p\u00e2tisse de tout cela. La croissance des comp\u00e9titions de clubs et la multiplication des matches risquent de diluer l\u2019importance des \u00e9quipes nationales &#8211; non seulement parce que les joueurs seront fatigu\u00e9s, mais aussi parce que les clubs et la FIFA\/UEFA semblent privil\u00e9gier un autre calendrier. Pour que le foot de s\u00e9lections survie \u00e0 cette pression, il ne faudra pas simplement de bonne volont\u00e9, mais des r\u00e9formes concr\u00e8tes.<\/p>\n<p>\n    Pub. le 13\/09\/2025 23:40<br \/>\n            &#8211; MAJ le 14\/09\/2025 00:26\n    <\/p>\n","protected":false},"excerpt":{"rendered":"Carlo Ancelotti a officiellement pris les r\u00eanes de la s\u00e9lection br\u00e9silienne \u00e0 la fin mai 2025, avec pour&hellip;\n","protected":false},"author":2,"featured_media":380232,"comment_status":"","ping_status":"","sticky":false,"template":"","format":"standard","meta":{"footnotes":""},"categories":[9],"tags":[1011,27,60],"class_list":{"0":"post-389098","1":"post","2":"type-post","3":"status-publish","4":"format-standard","5":"has-post-thumbnail","7":"category-sports","8":"tag-fr","9":"tag-france","10":"tag-sports"},"share_on_mastodon":{"url":"https:\/\/pubeurope.com\/@fr\/115199909877688488","error":""},"_links":{"self":[{"href":"https:\/\/www.europesays.com\/fr\/wp-json\/wp\/v2\/posts\/389098","targetHints":{"allow":["GET"]}}],"collection":[{"href":"https:\/\/www.europesays.com\/fr\/wp-json\/wp\/v2\/posts"}],"about":[{"href":"https:\/\/www.europesays.com\/fr\/wp-json\/wp\/v2\/types\/post"}],"author":[{"embeddable":true,"href":"https:\/\/www.europesays.com\/fr\/wp-json\/wp\/v2\/users\/2"}],"replies":[{"embeddable":true,"href":"https:\/\/www.europesays.com\/fr\/wp-json\/wp\/v2\/comments?post=389098"}],"version-history":[{"count":0,"href":"https:\/\/www.europesays.com\/fr\/wp-json\/wp\/v2\/posts\/389098\/revisions"}],"wp:featuredmedia":[{"embeddable":true,"href":"https:\/\/www.europesays.com\/fr\/wp-json\/wp\/v2\/media\/380232"}],"wp:attachment":[{"href":"https:\/\/www.europesays.com\/fr\/wp-json\/wp\/v2\/media?parent=389098"}],"wp:term":[{"taxonomy":"category","embeddable":true,"href":"https:\/\/www.europesays.com\/fr\/wp-json\/wp\/v2\/categories?post=389098"},{"taxonomy":"post_tag","embeddable":true,"href":"https:\/\/www.europesays.com\/fr\/wp-json\/wp\/v2\/tags?post=389098"}],"curies":[{"name":"wp","href":"https:\/\/api.w.org\/{rel}","templated":true}]}}