{"id":389099,"date":"2025-09-14T00:51:10","date_gmt":"2025-09-14T00:51:10","guid":{"rendered":"https:\/\/www.europesays.com\/fr\/389099\/"},"modified":"2025-09-14T00:51:10","modified_gmt":"2025-09-14T00:51:10","slug":"michel-drucker-reagit-emu-aux-messages-danniversaire-adresses-par-ses-proches","status":"publish","type":"post","link":"https:\/\/www.europesays.com\/fr\/389099\/","title":{"rendered":"Michel Drucker r\u00e9agit, \u00e9mu, aux messages d\u2019anniversaire adress\u00e9s par ses proches"},"content":{"rendered":"<p>    Michel Drucker<br \/>\n                Capture d&rsquo;\u00e9cran<\/p>\n<p>L\u2019animateur embl\u00e9matique du PAF a souffl\u00e9 ses 83 bougies le 12 septembre dernier. Et pour l\u2019occasion, l\u2019\u00e9quipe de \u00abC \u00e0 vous\u00bb avait concoct\u00e9 une s\u00e9rie de surprises \u00e0 son invit\u00e9.<\/p>\n<p class=\"fig-paragraph\">\u00abPlus on vieillit, et plus on retrouve les images de son enfance.\u00bb\u00a0<a href=\"https:\/\/www.lefigaro.fr\/tag\/michel-drucker\" target=\"_blank\" rel=\"sponsored noopener nofollow\" data-gtm-custom-categorie=\"navigation\" data-gtm-custom-action=\"crossclick\" data-gtm-custom-label=\"Contextuel\" data-gtm-event=\"customEventSPE\">Michel Drucker<\/a>\u00a0\u00e9tait l\u2019invit\u00e9 ce samedi 13 septembre dans l\u2019\u00e9dition du week-end de \u00abC \u00e0 vous\u00bb. Et, \u00e0 quelques jours du 83\u00e8me anniversaire du monument du paysage audiovisuel fran\u00e7ais &#8211; n\u00e9 le 12 septembre 1942 &#8211;\u00a0<a href=\"http:\/\/tvmag.lefigaro.fr\/programme-tv\/actu-tele\/mohamed-bouhafsi-la-patronne-reste-anne-elisabeth-lemoine-20250912\" target=\"_blank\" data-fig-type=\"Article\" rel=\"noopener nofollow\" data-gtm-custom-categorie=\"navigation\" data-gtm-custom-action=\"crossclick\" data-gtm-custom-label=\"Contextuel\" data-gtm-event=\"customEventSPE\" data-fig-domain=\"TVMAG\">Mohamed Bouhafsi<\/a>\u00a0a tenu \u00e0 c\u00e9l\u00e9brer cet \u00e9v\u00e9nement en grande pompe. G\u00e2teau, bougies et chanson scandant \u00abHappy birthday to you\u00bb&#8230; Toute la r\u00e9daction de l\u2019\u00e9mission s\u2019est rendue sur le plateau en l\u2019honneur de l\u2019animateur de \u00abVivement dimanche\u00bb.<\/p>\n<p class=\"fig-paragraph\">\u00abComme dirait Johnny, \u00e7a me tuche, \u00e7a me tuche beaucup\u00bb, plaisante Michel Drucker avant de s\u2019\u00e9merveiller devant le fameux g\u00e2teau. Et d\u2019ajouter, \u00e0 destination de l\u2019\u00e9quipe de l\u2019\u00e9mission\u00a0: \u00abQu\u2019est-ce que vous \u00eates jeunes. C\u2019est bien\u00a0!\u00bb En plus de ces attentions, Mohamed Bouhafsi a propos\u00e9 \u00e0 son invit\u00e9 de d\u00e9couvrir une compilation de messages vid\u00e9o.<\/p>\n<p>                                    <a class=\"fig-a11y-skip a11y-hidden\" href=\"#fig-a11y-skip-main-inarticle\"><br \/>\n        Passer la publicit\u00e9<br \/>\n    <\/a><\/p>\n<p class=\"fig-paragraph\">\u00abJoyeux anniversaire, c\u2019est vrai que 130 ans c\u2019est quelque chose. \u00c7a se f\u00eate. Bon anniversaire, et \u00e0 tes 140\u00bb, a lanc\u00e9 l\u2019humoriste\u00a0<a href=\"http:\/\/tvmag.lefigaro.fr\/programme-tv\/actu-tele\/en-france-quand-je-dis-que-j-ai-arrete-de-boire-depuis-4-ans-les-gens-sont-decus-gad-elmaleh-leve-tous-les-tabous-a-montreal-20250719\" data-fig-type=\"Article\" data-gtm-custom-categorie=\"navigation\" data-gtm-custom-action=\"crossclick\" data-gtm-custom-label=\"Contextuel\" data-gtm-event=\"customEventSPE\" data-fig-domain=\"TVMAG\" rel=\"nofollow noopener\" target=\"_blank\">Gad Elmaleh<\/a>\u00a0lorsque Sheila a d\u00e9clar\u00e9\u00a0: \u00ab\u00c9tant ta s\u0153ur cadette, comme je n\u2019ai que 80, je te souhaite mon ch\u00e9ri un joyeux anniversaire.\u00bb\u00a0<a href=\"http:\/\/tvmag.lefigaro.fr\/programme-tv\/actu-tele\/j-ai-vraiment-failli-mourir-gerard-holtz-livre-un-bouleversant-recit-sur-son-enfance-20250622\" data-fig-type=\"Article\" data-gtm-custom-categorie=\"navigation\" data-gtm-custom-action=\"crossclick\" data-gtm-custom-label=\"Contextuel\" data-gtm-event=\"customEventSPE\" data-fig-domain=\"TVMAG\" rel=\"nofollow noopener\" target=\"_blank\">G\u00e9rard Holtz<\/a>\u00a0a quant \u00e0 lui fait l\u2019effort de chanter la traditionnelle chanson d\u2019anniversaire tout en mimant les gestes d\u2019un chef d\u2019orchestre et en ajoutant\u00a0: \u00abDe toute fa\u00e7on, tu ne les fais pas\u00a0!\u00bb La Belgique s\u2019est jointe \u00e0<a href=\"http:\/\/tvmag.lefigaro.fr\/programme-tv\/actu-tele\/annie-cordy-70-ans-au-service-du-bonheur-20250905\" data-fig-type=\"Article\" data-gtm-custom-categorie=\"navigation\" data-gtm-custom-action=\"crossclick\" data-gtm-custom-label=\"Contextuel\" data-gtm-event=\"customEventSPE\" data-fig-domain=\"TVMAG\" rel=\"nofollow noopener\" target=\"_blank\">\u00a0Alex Vizorek<\/a>\u00a0pour lui adresser ses v\u0153ux. Tout comme Philippe Geluck qui s\u2019est rem\u00e9mor\u00e9 le bon vieux temps. \u00abMon Mimi, je te souhaite un bon anniversaire. Je t\u2019aime, tu le sais et je t\u2019embrasse mille fois\u00bb, a rappel\u00e9 Mich\u00e8le Bernier.<\/p>\n<p class=\"fig-paragraph\">Sur un tout autre ton,\u00a0<a href=\"http:\/\/tvmag.lefigaro.fr\/programme-tv\/people\/j-ai-arrete-parce-que-j-en-avais-marre-michel-cymes-s-exprime-sur-son-absence-en-television-20250828\" data-fig-type=\"Article\" data-gtm-custom-categorie=\"navigation\" data-gtm-custom-action=\"crossclick\" data-gtm-custom-label=\"Contextuel\" data-gtm-event=\"customEventSPE\" data-fig-domain=\"TVMAG\" rel=\"nofollow noopener\" target=\"_blank\">Michel Cymes<\/a>\u00a0a ironis\u00e9 sur l\u2019\u00e2ge de son ami et, d\u00e9formation professionnelle oblige, sur son \u00e9tat de sant\u00e9\u00a0: \u00abJe te souhaite un super super anniversaire et continue les suppositoires qui te permettent d\u2019\u00eatre en super forme depuis tant d\u2019ann\u00e9es. Moi je ne vais pas tarder \u00e0 les commencer\u00a0!\u00bb Ont suivi les v\u0153ux de\u00a0<a href=\"http:\/\/tvmag.lefigaro.fr\/programme-tv\/actu-tele\/je-n-ai-pas-compris-le-principe-chantal-ladesou-raconte-son-casting-rate-pour-lol-qui-rit-sort-20250303\" data-fig-type=\"Article\" data-gtm-custom-categorie=\"navigation\" data-gtm-custom-action=\"crossclick\" data-gtm-custom-label=\"Contextuel\" data-gtm-event=\"customEventSPE\" data-fig-domain=\"TVMAG\" rel=\"nofollow noopener\" target=\"_blank\">Chantal Ladesou<\/a>, Anne Roumanoff, Laurent Gerra. Et, une fois le montage termin\u00e9, Michel Drucker a r\u00e9agi les larmes aux yeux\u00a0: \u00abOh, \u00e7a sent le sapin hein\u00a0?\u00bb Une expression signifiant que la mort d\u2019une personne est proche. Les chroniqueurs, ainsi que l\u2019animateur de \u00abC \u00e0 vous\u00bb, ont r\u00e9pondu haut et fort par la n\u00e9gation. \u00abL\u00e0 vous avez choisi des gens que j\u2019adore. J\u2019ai tant de souvenirs avec eux. Merci \u00e0 tous\u00bb, a repris Michel Drucker.<\/p>\n","protected":false},"excerpt":{"rendered":"Michel Drucker Capture d&rsquo;\u00e9cran L\u2019animateur embl\u00e9matique du PAF a souffl\u00e9 ses 83 bougies le 12 septembre dernier. Et&hellip;\n","protected":false},"author":2,"featured_media":389100,"comment_status":"","ping_status":"","sticky":false,"template":"","format":"standard","meta":{"footnotes":""},"categories":[8],"tags":[3581,58,59,1011,27,877,24618],"class_list":{"0":"post-389099","1":"post","2":"type-post","3":"status-publish","4":"format-standard","5":"has-post-thumbnail","7":"category-divertissement","8":"tag-anniversaire","9":"tag-divertissement","10":"tag-entertainment","11":"tag-fr","12":"tag-france","13":"tag-michel-drucker","14":"tag-mohamed-bouhafsi"},"share_on_mastodon":{"url":"https:\/\/pubeurope.com\/@fr\/115199913784459249","error":""},"_links":{"self":[{"href":"https:\/\/www.europesays.com\/fr\/wp-json\/wp\/v2\/posts\/389099","targetHints":{"allow":["GET"]}}],"collection":[{"href":"https:\/\/www.europesays.com\/fr\/wp-json\/wp\/v2\/posts"}],"about":[{"href":"https:\/\/www.europesays.com\/fr\/wp-json\/wp\/v2\/types\/post"}],"author":[{"embeddable":true,"href":"https:\/\/www.europesays.com\/fr\/wp-json\/wp\/v2\/users\/2"}],"replies":[{"embeddable":true,"href":"https:\/\/www.europesays.com\/fr\/wp-json\/wp\/v2\/comments?post=389099"}],"version-history":[{"count":0,"href":"https:\/\/www.europesays.com\/fr\/wp-json\/wp\/v2\/posts\/389099\/revisions"}],"wp:featuredmedia":[{"embeddable":true,"href":"https:\/\/www.europesays.com\/fr\/wp-json\/wp\/v2\/media\/389100"}],"wp:attachment":[{"href":"https:\/\/www.europesays.com\/fr\/wp-json\/wp\/v2\/media?parent=389099"}],"wp:term":[{"taxonomy":"category","embeddable":true,"href":"https:\/\/www.europesays.com\/fr\/wp-json\/wp\/v2\/categories?post=389099"},{"taxonomy":"post_tag","embeddable":true,"href":"https:\/\/www.europesays.com\/fr\/wp-json\/wp\/v2\/tags?post=389099"}],"curies":[{"name":"wp","href":"https:\/\/api.w.org\/{rel}","templated":true}]}}