{"id":389105,"date":"2025-09-14T00:54:21","date_gmt":"2025-09-14T00:54:21","guid":{"rendered":"https:\/\/www.europesays.com\/fr\/389105\/"},"modified":"2025-09-14T00:54:21","modified_gmt":"2025-09-14T00:54:21","slug":"en-turquie-la-justice-ordonne-larrestation-de-dizaines-delus-dopposition-distanbul","status":"publish","type":"post","link":"https:\/\/www.europesays.com\/fr\/389105\/","title":{"rendered":"En Turquie, la justice ordonne l\u2019arrestation de dizaines d\u2019\u00e9lus d\u2019opposition d\u2019Istanbul"},"content":{"rendered":"<p>                          <img loading=\"lazy\" decoding=\"async\" src=\"https:\/\/www.europesays.com\/fr\/wp-content\/uploads\/2025\/09\/06ce815_ftp-import-images-1-8o3d54b8rkxn-2025-09-10t183157z-1312706106-rc26pgaarluw-rtrmadp-3-turkey.jpeg\" alt=\"Des manifestants demandent la lib\u00e9ration de l\u2019\u00e9dile de la ville, Ekrem Imamoglu, \u00e0 Istanbul, le 10\u00a0septembre 2025.\"   width=\"664\" height=\"443\"\/>    Des manifestants demandent la lib\u00e9ration de l\u2019\u00e9dile de la ville, Ekrem Imamoglu, \u00e0 Istanbul, le 10\u00a0septembre 2025.  UMIT BEKTAS \/ REUTERS                          <\/p>\n<p class=\"article__paragraph  \">Un procureur d\u2019Istanbul a ordonn\u00e9 l\u2019arrestation de 48\u00a0membres de la municipalit\u00e9 de Bayrampasa, un district d\u2019Istanbul, dirig\u00e9e par l\u2019opposition, notamment le maire, pour \u00ab\u00a0corruption\u00a0\u00bb, a rapport\u00e9, samedi 13\u00a0septembre, l\u2019agence de presse \u00e9tatique Anatolie.<\/p>\n<p>                                            Lire aussi |  Article r\u00e9serv\u00e9 \u00e0 nos abonn\u00e9s  <a href=\"https:\/\/www.lemonde.fr\/international\/article\/2025\/09\/13\/accuse-d-avoir-falsifie-son-diplome-le-maire-d-istanbul-principal-opposant-a-recep-tayyip-erdogan-devant-ses-juges_6640780_3210.html\" class=\"js-article-read-also catcher--favoris__link\" data-premium=\"1\" id=\"article-title-3437892\" rel=\"nofollow noopener\" target=\"_blank\">\u00ab\u00a0Ce dossier est absurde\u00a0\u00bb\u00a0: Ekrem Imamoglu, principal opposant \u00e0 Erdogan en Turquie, jug\u00e9 pour avoir falsifi\u00e9 son dipl\u00f4me<\/a>    <\/p>\n<p>   Lire plus tard  <\/p>\n<p class=\"article__paragraph  \">Le maire, Hasan Mutlu, \u00e9lu du principal parti de l\u2019opposition turque, le CHP (Parti r\u00e9publicain du peuple, social d\u00e9mocrate), et son adjoint, Lutfi Kadiogullari, ont \u00e9t\u00e9 interpell\u00e9s samedi matin pour \u00ab\u00a0extorsion, corruption, fraude aggrav\u00e9e et truquage d\u2019appels d\u2019offres\u00a0\u00bb, tandis qu\u2019une perquisition \u00e9tait men\u00e9e \u00e0 la municipalit\u00e9, selon la cha\u00eene priv\u00e9e d\u2019information NTV.<\/p>\n<p class=\"article__paragraph  \">\u00ab\u00a0Les habitants de Bayrampasa ont \u00e9lu Hasan Mutlu. Mais ils ne l\u2019ont pas support\u00e9. Ils ne respectent ni les r\u00e9sultats des \u00e9lections ni les urnes ni la volont\u00e9 du peuple\u00a0\u00bb, a r\u00e9agi sur son compte X le chef du CHP \u00e0 Istanbul, Ozgur Celik, qui a \u00e9t\u00e9 lui-m\u00eame r\u00e9voqu\u00e9 le 2\u00a0septembre par un tribunal turc pour des irr\u00e9gularit\u00e9s pr\u00e9sum\u00e9es au cours du congr\u00e8s o\u00f9 il a \u00e9t\u00e9 \u00e9lu en\u00a02023.<\/p>\n<p class=\"article__paragraph  \">Le CHP subit une pression judiciaire croissante avec un grand nombre d\u2019enqu\u00eates et d\u2019interpellations visant ses \u00e9lus, accus\u00e9s de corruption, comme au sein de la municipalit\u00e9 d\u2019Istanbul, la plus importante ville de Turquie, dont le maire, Ekrem Imamoglu, est emprisonn\u00e9 depuis mars.<\/p>\n<p>                                       Lire aussi |  <a href=\"https:\/\/www.lemonde.fr\/les-decodeurs\/article\/2025\/09\/12\/turquie-tout-comprendre-aux-poursuites-qui-visent-ekrem-imamoglu-principal-rival-du-president-erdogan_6640497_4355770.html\" class=\"js-article-read-also catcher--favoris__link\" data-premium=\"\" id=\"article-title-3437342\" rel=\"nofollow noopener\" target=\"_blank\">Turquie\u00a0: tout comprendre aux poursuites qui visent Ekrem Imamoglu, principal rival du pr\u00e9sident Erdogan<\/a>    <\/p>\n<p>   Lire plus tard  <\/p>\n<p class=\"author__detail\">  Le Monde avec AFP  <\/p>\n<p>                  <a href=\"https:\/\/www.lemonde.fr\/syndication\/\" class=\"reuse__content\" title=\"R\u00e9utiliser ce contenu\" target=\"_blank\" rel=\"nofollow noopener\">R\u00e9utiliser ce contenu<\/a>      <\/p>\n","protected":false},"excerpt":{"rendered":"Des manifestants demandent la lib\u00e9ration de l\u2019\u00e9dile de la ville, Ekrem Imamoglu, \u00e0 Istanbul, le 10\u00a0septembre 2025. UMIT&hellip;\n","protected":false},"author":2,"featured_media":389106,"comment_status":"","ping_status":"","sticky":false,"template":"","format":"standard","meta":{"footnotes":""},"categories":[5],"tags":[11,1011,27,14,12,28],"class_list":{"0":"post-389105","1":"post","2":"type-post","3":"status-publish","4":"format-standard","5":"has-post-thumbnail","7":"category-international","8":"tag-actualites","9":"tag-fr","10":"tag-france","11":"tag-international","12":"tag-news","13":"tag-world"},"share_on_mastodon":{"url":"https:\/\/pubeurope.com\/@fr\/115199925698226830","error":""},"_links":{"self":[{"href":"https:\/\/www.europesays.com\/fr\/wp-json\/wp\/v2\/posts\/389105","targetHints":{"allow":["GET"]}}],"collection":[{"href":"https:\/\/www.europesays.com\/fr\/wp-json\/wp\/v2\/posts"}],"about":[{"href":"https:\/\/www.europesays.com\/fr\/wp-json\/wp\/v2\/types\/post"}],"author":[{"embeddable":true,"href":"https:\/\/www.europesays.com\/fr\/wp-json\/wp\/v2\/users\/2"}],"replies":[{"embeddable":true,"href":"https:\/\/www.europesays.com\/fr\/wp-json\/wp\/v2\/comments?post=389105"}],"version-history":[{"count":0,"href":"https:\/\/www.europesays.com\/fr\/wp-json\/wp\/v2\/posts\/389105\/revisions"}],"wp:featuredmedia":[{"embeddable":true,"href":"https:\/\/www.europesays.com\/fr\/wp-json\/wp\/v2\/media\/389106"}],"wp:attachment":[{"href":"https:\/\/www.europesays.com\/fr\/wp-json\/wp\/v2\/media?parent=389105"}],"wp:term":[{"taxonomy":"category","embeddable":true,"href":"https:\/\/www.europesays.com\/fr\/wp-json\/wp\/v2\/categories?post=389105"},{"taxonomy":"post_tag","embeddable":true,"href":"https:\/\/www.europesays.com\/fr\/wp-json\/wp\/v2\/tags?post=389105"}],"curies":[{"name":"wp","href":"https:\/\/api.w.org\/{rel}","templated":true}]}}