{"id":389107,"date":"2025-09-14T00:55:21","date_gmt":"2025-09-14T00:55:21","guid":{"rendered":"https:\/\/www.europesays.com\/fr\/389107\/"},"modified":"2025-09-14T00:55:21","modified_gmt":"2025-09-14T00:55:21","slug":"bloquons-tout-on-a-gagne-lecornu-a-perdu-scandent-les-militants-catalans-amasses-devant-le-rideau-de-fer-provisoirement-ferme-dauchan","status":"publish","type":"post","link":"https:\/\/www.europesays.com\/fr\/389107\/","title":{"rendered":"Bloquons tout\u00a0: \u00ab\u00a0On a gagn\u00e9, Lecornu a perdu\u00a0\u00bb, scandent les militants catalans amass\u00e9s devant le rideau de fer provisoirement ferm\u00e9 d\u2019Auchan"},"content":{"rendered":"<p>\n                                                                Dans la foul\u00e9e des premi\u00e8res actions du 10\u00a0septembre 2025, men\u00e9es sous la banni\u00e8re citoyenne \u00ab\u00a0Bloquons Tout\u00a0\u00bb, plus d\u2019une centaine de militants se sont mobilis\u00e9s ce samedi\u00a013 au matin dans les all\u00e9es de la galerie commerciale d\u2019Auchan. Sous haute surveillance polici\u00e8re, les manifestants ont chant\u00e9, dans\u00e9 et applaudi au baisser provisoire du rideau de fer de l\u2019hypermarch\u00e9.\n                            <\/p>\n<p>Chariot rempli, Corinne\u00a0et\u00a0St\u00e9phane, 48 et 56 ans, franchissent l\u2019une des caisses de l\u2019hypermarch\u00e9\u00a0de la route d\u2019Espagne, \u00e0 Perpignan. Il est 11\u00a0h ce samedi 13\u00a0septembre 2025. \u00ab\u00a0C\u2019est bien fluide, il n\u2019y a m\u00eame pas grand monde dans les rayons\u00a0\u00bb, en profite St\u00e9phane pour r\u00e9gler ses achats sans encombre. Dos aux manifestants, ni lui ni son\u00a0\u00e9pouse\u00a0n\u2019ont remarqu\u00e9 le regroupement d\u2019une centaine d\u2019hommes et de femmes autour de caddies vides.\u00a0Le couple fait fi de\u00a0la d\u00e9ambulation revendicative. \u00ab\u00a0Ce\u00a0n\u2019est pas g\u00eanant tant que c\u2019est pacifique\u00a0\u00bb, opine\u00a0St\u00e9phane, d\u00e9sabus\u00e9. \u00ab\u00a0J\u2019ai l\u2019impression que \u00e7a ne sert \u00e0 rien. Bien s\u00fbr que les gens peuvent ou ont besoin de s\u2019exprimer, mais bon l\u00e0, \u00e7a emb\u00eate qui\u00a0? Personne\u00a0!\u00a0\u00bb, rel\u00e8ve le chef d\u2019entreprise.\u00a0Qui pr\u00e9f\u00e8re\u00a0se prononcer par\u00a0les urnes. \u00ab\u00a0Voter, il faut aller voter \u00e0 chaque \u00e9lection\u00a0\u00bb, mobilise-t-il\u00a0en poursuivant son chemin. Plus loin le petit Gabriel, 14 mois, assiste\u00a0sans le savoir \u00e0 sa premi\u00e8re r\u00e9volte \u00ab\u00a0bon enfant\u00a0\u00bb. Sa jeune maman presse le pas. \u00ab\u00a0C\u2019est bient\u00f4t l\u2019heure de manger pour le petit\u00a0\u00bb, lance-t-elle, ignorant\u00a0les deux\u00a0chorales et bandas qui s\u2019\u00e9poumonent \u00e0 jouer.<\/p>\n<p>        <img decoding=\"async\" class=\"std-img__img responsive-img\" src=\"https:\/\/www.europesays.com\/fr\/wp-content\/uploads\/2025\/09\/1757811320_417_image.jpg\" alt=\"Les manifestants rassembl\u00e9s avant que l\u2019hypermarch\u00e9 d\u00e9cide momentan\u00e9ment de baisser son rideau de fer.\"\/><\/p>\n<p>                Les manifestants rassembl\u00e9s avant que l\u2019hypermarch\u00e9 d\u00e9cide momentan\u00e9ment de baisser son rideau de fer.<br \/>\n                                    Aline Morcillo &#8211; Aline Morcillo<\/p>\n<blockquote>\n<p>Flop au Boulou, bandas et caddies vides \u00e0 Perpignan<\/p>\n<\/blockquote>\n<p>Au m\u00e9gaphone Genevi\u00e8ve, \u00a0\u00bb une des porte-parole du parti citoyen\u00a0\u00bb, tente d\u2019arranger\u00a0les badauds, de galvaniser les protestataires.\u00a0Secr\u00e9taire de \u00ab\u00a0La Libre Pens\u00e9e\u00a0\u00bb, elle se r\u00e9jouit \u00ab\u00a0du succ\u00e8s de l\u2019op\u00e9ration destin\u00e9e \u00e0 montrer\u00a0qu\u2019il est\u00a0impossible de boucler les fins de mois.\u00a0\u00bb Apr\u00e8s Carrefour, les voil\u00e0 ainsi route d\u2019Espagne. \u00ab\u00a0L\u2019objectif est de tenir jusqu\u2019au 18\u00a0septembre et la gr\u00e8ve nationale\u00a0\u00bb, rappelle-t-elle en entonnant l\u2019Estaca.\u00a0L\u2019hypermarch\u00e9 baisse son rideau, provisoirement. \u00ab\u00a0On a gagn\u00e9, Lecornu a perdu\u00a0\u00bb, scandent les contestataires joyeux, malgr\u00e9 le flop du rendez-vous matinal fix\u00e9 au p\u00e9age de la grande barri\u00e8re\u00a0du Boulou, rest\u00e9e d\u00e9serte.<\/p>\n<p>        <img decoding=\"async\" class=\"std-img__img responsive-img\" src=\"https:\/\/www.europesays.com\/fr\/wp-content\/uploads\/2025\/09\/1757811321_186_image.jpg\" alt=\"Deux chorales et deux bandas ont anim\u00e9 le mouvement &quot;Bloquons tout&quot;.\"\/><\/p>\n<p>                Deux chorales et deux bandas ont anim\u00e9 le mouvement \u00ab\u00a0Bloquons tout\u00a0\u00bb.<br \/>\n                                    Aline Morcillo &#8211; Aline Morcillo<\/p>\n<p>\u00ab\u00a0On doit\u00a0d\u00e9bloquer les cerveaux\u00a0\u00bb, poursuit Genevi\u00e8ve, satur\u00e9e d\u2019entendre\u00a0\u00ab\u00a0Macron destitution\u00a0\u00bb. Je partage cette col\u00e8re mais n\u2019oublions pas\u00a0toutes les multinationales, les banquiers, le CAC 40, tous ceux qui nous menacent.\u00a0\u00bb Elle pr\u00f4ne une lutte d\u00e9ploy\u00e9e sur\u00a0\u00ab\u00a0plusieurs fronts. La France vient d\u2019\u00eatre financi\u00e8rement d\u00e9grad\u00e9e, c\u2019est un nouveau pr\u00e9texte pour nous appauvrir encore plus en disant\u00a0: \u00ab\u00a0c\u2019est nous les riches qui avons endett\u00e9 la France, c\u2019est vous\u00a0les pauvres qui paierez la dette. Inadmissible\u00a0\u00bb, fulmine-t-elle.\u00a0Convaincue que les Gilets Jaunes s\u2019y \u00e9taient mal pris en revendiquant une baisse du prix du carburant. \u00ab\u00a0Nos griefs sont plus vastes et notre esprit festif. Plut\u00f4t que de se faire \u00e9borgner, on veut \u00eatre mieux compris, agr\u00e9ger toutes les ires du pays. Sans violence.\u00a0\u00bb<\/p>\n<p>La pauvret\u00e9 au c\u0153ur du courroux<\/p>\n<p>Parmi les\u00a0intervenants, St\u00e9phane, 56 ans, est artisan. \u00ab\u00a0J\u2019ai 8 employ\u00e9s. Je suis\u00a0l\u00e0 en leur nom comme pour\u00a0tous les salari\u00e9s de France qui en ont marre\u00a0de voir leur pouvoir d\u2019achat s\u2019\u00e9crouler. L\u2019augmenter ferait cro\u00eetre le travail dans nos ateliers, chez les boulangers, les \u00e9piciers\u2026 Partout. Nous n\u2019en pouvons plus de\u00a0cette politique qui pioche\u00a0dans les poches des plus d\u00e9munis.\u00a0\u00bb\u00a0R\u00e9gine, 76 ans, canne \u00e0 la main, arpente la galerie marchande au bras d\u2019une amie retrait\u00e9e. Les copines s\u2019\u00e9cartent de la manif. \u00ab\u00a0J\u2019ai travaill\u00e9 tr\u00e8s jeune, j\u2019ai fait\u00a0de tout. Du m\u00e9nage aux poup\u00e9es Bella\u00a0\u00bb, raconte-t-elle.\u00a0\u00bbMais, je ne me plains pas. J\u2019ai une retraite qui me suffit\u00a0\u00bb, valide R\u00e9gine, contente\u00a0de son l\u00e8che-vitrine.\u00a0\u00ab\u00a0Mes genoux sont en piteux \u00e9tat, j\u2019ai besoin de marcher, comme il pleut dehors, on fait notre exercice ici, \u00e0 l\u2019abri.\u00a0\u00bb\u00a0L\u00e9g\u00e8rement \u00e0 l\u2019\u00e9cart, J\u00e9r\u00f4me Chanson assiste sans un mot \u00e0 la sc\u00e8ne. Directeur de la galerie commerciale, il a donn\u00e9 pour consigne \u00e0 la soixantaine de boutiques du site de rester ouvertes. Vigilant, il s\u2019assure que la manifestation ne d\u00e9rape pas. Les policiers en tenue d\u2019intervention y veillent \u00e9galement.<\/p>\n","protected":false},"excerpt":{"rendered":"Dans la foul\u00e9e des premi\u00e8res actions du 10\u00a0septembre 2025, men\u00e9es sous la banni\u00e8re citoyenne \u00ab\u00a0Bloquons Tout\u00a0\u00bb, plus d\u2019une&hellip;\n","protected":false},"author":2,"featured_media":389108,"comment_status":"","ping_status":"","sticky":false,"template":"","format":"standard","meta":{"footnotes":""},"categories":[4],"tags":[11,1011,27,12,25],"class_list":{"0":"post-389107","1":"post","2":"type-post","3":"status-publish","4":"format-standard","5":"has-post-thumbnail","7":"category-france","8":"tag-actualites","9":"tag-fr","10":"tag-france","11":"tag-news","12":"tag-republique-francaise"},"share_on_mastodon":{"url":"https:\/\/pubeurope.com\/@fr\/115199929517271057","error":""},"_links":{"self":[{"href":"https:\/\/www.europesays.com\/fr\/wp-json\/wp\/v2\/posts\/389107","targetHints":{"allow":["GET"]}}],"collection":[{"href":"https:\/\/www.europesays.com\/fr\/wp-json\/wp\/v2\/posts"}],"about":[{"href":"https:\/\/www.europesays.com\/fr\/wp-json\/wp\/v2\/types\/post"}],"author":[{"embeddable":true,"href":"https:\/\/www.europesays.com\/fr\/wp-json\/wp\/v2\/users\/2"}],"replies":[{"embeddable":true,"href":"https:\/\/www.europesays.com\/fr\/wp-json\/wp\/v2\/comments?post=389107"}],"version-history":[{"count":0,"href":"https:\/\/www.europesays.com\/fr\/wp-json\/wp\/v2\/posts\/389107\/revisions"}],"wp:featuredmedia":[{"embeddable":true,"href":"https:\/\/www.europesays.com\/fr\/wp-json\/wp\/v2\/media\/389108"}],"wp:attachment":[{"href":"https:\/\/www.europesays.com\/fr\/wp-json\/wp\/v2\/media?parent=389107"}],"wp:term":[{"taxonomy":"category","embeddable":true,"href":"https:\/\/www.europesays.com\/fr\/wp-json\/wp\/v2\/categories?post=389107"},{"taxonomy":"post_tag","embeddable":true,"href":"https:\/\/www.europesays.com\/fr\/wp-json\/wp\/v2\/tags?post=389107"}],"curies":[{"name":"wp","href":"https:\/\/api.w.org\/{rel}","templated":true}]}}