{"id":389109,"date":"2025-09-14T00:56:15","date_gmt":"2025-09-14T00:56:15","guid":{"rendered":"https:\/\/www.europesays.com\/fr\/389109\/"},"modified":"2025-09-14T00:56:15","modified_gmt":"2025-09-14T00:56:15","slug":"top-14-les-notes-de-pau-stade-francais-attissogbe-et-grandidier-imperiaux-pesenti-evite-le-naufrage","status":"publish","type":"post","link":"https:\/\/www.europesays.com\/fr\/389109\/","title":{"rendered":"Top 14 \u2013 Les notes de Pau \u2013 Stade fran\u00e7ais\u00a0: Attissogbe et Grandidier imp\u00e9riaux, Pesenti \u00e9vite le naufrage"},"content":{"rendered":"<p>\n                La victoire de Pau doit beaucoup au brio de ses deux ailiers Th\u00e9o Attissogbe et Aaron Grandidier-Nkanang, mais aussi \u00e0 l\u2019activit\u00e9 inlassable de son flanker australien Reece Hewatt. Dans le camp parisien, le deuxi\u00e8me Baptiste Pesenti, valeureux dans le combat, est un des rares joueurs \u00e0 avoir surnag\u00e9.\n            <\/p>\n<p>Les Tops<\/p>\n<p>Quel match de l\u2019ailier international. Il fut l\u2019auteur de deux passes d\u00e9cisives. La premi\u00e8re pour Reece Hewat (apr\u00e8s une percussion), la seconde pour Aaron Grandidier via un une-deux impeccable. Sur chacune de ses interventions, il apporta sa vitesse et son d\u00e9marrage \u00e9lectrique. Pr\u00e9cieux aussi sur des ballons a\u00e9riens que\u00a0sur de bons plaquages.<\/p>\n<ul>\n<li><strong>Aaron Grandidier-Nkanang\u00a0: 8\/10<\/strong><\/li>\n<\/ul>\n<p>L\u2019autre ailier de la Section m\u00e9ritait aussi la citation et un peu plus que \u00e7a. On l\u2019attendait sur les ballons a\u00e9riens, sa grande sp\u00e9cialit\u00e9, il a r\u00e9pondu pr\u00e9sent. Mais il ne faut pas le limiter \u00e0 ce secteur, offensivement, il fut aussi tr\u00e8s \u00e0 son aise avec cet essai magnifique en premi\u00e8re mi-temps, initi\u00e9 et conclu par ses soins.<\/p>\n<p>Le troisi\u00e8me ligne australien de Pau a r\u00e9ussi une premi\u00e8re mi-temps de feu par son activit\u00e9 et son sens du soutien. Il fut r\u00e9compens\u00e9 par un essai limpide qu\u2019il a marqu\u00e9 au soutien int\u00e9rieur de Th\u00e9o Attissogbe en bout de ligne. Le seul fait qu\u2019il soit \u00e0 cette position dit quelque chose de sa performance athl\u00e9tique, mais aussi de son sens du jeu. Il est sorti \u00e0 la 53e, remplac\u00e9 par Lo\u00efc Credoz. Le staff avait sans doute pr\u00e9vu qu\u2019il aurait d\u00e9j\u00e0 tout donn\u00e9 \u00e0 ce moment-l\u00e0. Bien vu\u00a0!<\/p>\n<p>Les Flops<\/p>\n<p>L\u2019ancien international anglais ne s\u2019est pas franchement montr\u00e9 \u00e0 son avantage. Au contraire. En premi\u00e8re p\u00e9riode, les Palois l\u2019ont constamment vis\u00e9 par des ballons hauts. Avec une franche r\u00e9ussite. \u00c0 trois reprises en premi\u00e8re p\u00e9riode, l\u2019ailier parisien n\u2019a jamais r\u00e9ussi \u00e0 vraiment disputer le ballon en l\u2019air, le rendant constamment aux Palois. Ce ne fut pas beaucoup mieux en seconde p\u00e9riode. Il a encore \u00e9t\u00e9 devanc\u00e9 par Grandidier sur un jeu au pied de Paul Abadie (73e). \u00c0 son actif finalement, un seul \u00ab\u00a0contest\u00a0\u00bb a\u00e9rien offensif positif (58e). Aucun en d\u00e9fense. Un secteur de jeu o\u00f9, globalement, il a d\u2019ailleurs \u00e9t\u00e9 en difficult\u00e9 face \u00e0 Th\u00e9o Attisogbe.<\/p>\n<p>On aurait pu choisir de nombreux autres joueurs que le jeune arri\u00e8re parisien. Et pour cause. Pour sa premi\u00e8re titularisation en Top 14, L\u00e9o Monin a jou\u00e9 de malchance. Touch\u00e9 \u00e0 un genou d\u00e8s le d\u00e9but de la rencontre, ce joueur issu de la formation stadiste a souvent \u00e9t\u00e9 mis en difficult\u00e9 dans son placement. La faute \u00e0 son genou douloureux\u00a0? Peut-\u00eatre. Il a surtout \u00e9t\u00e9 repositionn\u00e9 \u00e0 l\u2019aile apr\u00e8s la blessure de Samuel Ez\u00e9ala et l\u2019entr\u00e9e en jeu de L\u00e9o Barr\u00e9, ce qui a pu le perturber. Il est notamment en retard en d\u00e9fense sur l\u2019essai de Grandidier (36e). Et il a finalement \u00e9t\u00e9 contraint de quitter la pelouse en raison d\u2019un genou devenu trop endolori (42e). \u00c0 tout dire, une premi\u00e8re titularisation dans un tel contexte n\u2019avait rien d\u2019un cadeau.<\/p>\n<p>    Les notes<\/p>\n<p><strong>Section Paloise\u00a0:<\/strong><br \/>15. Jack Maddocks\u00a0: 6\/10<br \/>14. Th\u00e9o Attissogbe\u00a0: 8\/10<br \/>13. \u00c9milien Gailleton\u00a0: 6\/10<br \/>12. Fabien Brau-Boirie\u00a0: 6\/10<br \/>11. Aaron Grandidier-Nkanang\u00a0: 8\/10<br \/>10. Joe Simmonds\u00a0: 7\/10<br \/>9. Dan Robson\u00a0: 6\/10<br \/>7. Reece Hewat\u00a0: 7,5\/10<br \/>8. Beka Gorgadze\u00a0: 6,5\/10<br \/>6. Luke Whitelock (cap.)\u00a0: 6,5\/10<br \/>5. Jimi Maximin\u00a0: non not\u00e9, puis Mickael Capelli\u00a0: 6\/10<br \/>4. Hugo Auradou\u00a0: 7 \/ 10<br \/>3. Thomas Laclayat\u00a0: 7\/10<br \/>2. Youri Delhommel\u00a0: 6\/10<br \/>1. Daniel Bibi-Biziwu\u00a0: 6\/10<\/p>\n<p>    Les notes<\/p>\n<p><strong>Stade fran\u00e7ais\u00a0:<\/strong><\/p>\n<p>15. L\u00e9o Monin\u00a0: 3,5\/10<br \/>14. Joe Marchant\u00a0: 3,5\/10<br \/>13. Jeremy Ward\u00a0: 4\/10<br \/>12. Tani Vili\u00a0: 4.5\/10<br \/>11. Samuel Ezeala\u00a0: non not\u00e9 (sorti sur blessure avant le quart d\u2019heure de jeu, puis L\u00e9o Barr\u00e9\u00a0: 4\/10)<br \/>10. Louis Carbonel\u00a0: 5\/10<br \/>9. Kerr-Barlow\u00a0: 5\/10<br \/>7. Romain Briatte (cap.)\u00a0: 4\/10<br \/>8. Yoan Tanga\u00a0: 4\/10<br \/>6. Sekou Macalou\u00a0: 4\/10<br \/>5. Baptiste Pesenti\u00a0: 6\/10<br \/>4. Pierre-Henri Azagoh\u00a0: 4\/10 (remplac\u00e9 par Gabrillagues \u00e0 la mi temps\u00a0: 4\/10)<br \/>3. Paul Alo-Emile\u00a0: 5\/10 (remplac\u00e9 par Melikidze \u00e0 la mi-temps\u00a0: 4,5\/10)<br \/>2. Giacomo Nicotera\u00a0: 5\/10<br \/>1. Isaac Koffi\u00a0: non not\u00e9 (sorti d\u00e8s la 4e minute, puis 17. Pa\u00efva\u00a0: 3,5\/10)<\/p>\n","protected":false},"excerpt":{"rendered":"La victoire de Pau doit beaucoup au brio de ses deux ailiers Th\u00e9o Attissogbe et Aaron Grandidier-Nkanang, mais&hellip;\n","protected":false},"author":2,"featured_media":389110,"comment_status":"","ping_status":"","sticky":false,"template":"","format":"standard","meta":{"footnotes":""},"categories":[2],"tags":[11,1011,27,12],"class_list":{"0":"post-389109","1":"post","2":"type-post","3":"status-publish","4":"format-standard","5":"has-post-thumbnail","7":"category-actualites","8":"tag-actualites","9":"tag-fr","10":"tag-france","11":"tag-news"},"share_on_mastodon":{"url":"https:\/\/pubeurope.com\/@fr\/115199933339566127","error":""},"_links":{"self":[{"href":"https:\/\/www.europesays.com\/fr\/wp-json\/wp\/v2\/posts\/389109","targetHints":{"allow":["GET"]}}],"collection":[{"href":"https:\/\/www.europesays.com\/fr\/wp-json\/wp\/v2\/posts"}],"about":[{"href":"https:\/\/www.europesays.com\/fr\/wp-json\/wp\/v2\/types\/post"}],"author":[{"embeddable":true,"href":"https:\/\/www.europesays.com\/fr\/wp-json\/wp\/v2\/users\/2"}],"replies":[{"embeddable":true,"href":"https:\/\/www.europesays.com\/fr\/wp-json\/wp\/v2\/comments?post=389109"}],"version-history":[{"count":0,"href":"https:\/\/www.europesays.com\/fr\/wp-json\/wp\/v2\/posts\/389109\/revisions"}],"wp:featuredmedia":[{"embeddable":true,"href":"https:\/\/www.europesays.com\/fr\/wp-json\/wp\/v2\/media\/389110"}],"wp:attachment":[{"href":"https:\/\/www.europesays.com\/fr\/wp-json\/wp\/v2\/media?parent=389109"}],"wp:term":[{"taxonomy":"category","embeddable":true,"href":"https:\/\/www.europesays.com\/fr\/wp-json\/wp\/v2\/categories?post=389109"},{"taxonomy":"post_tag","embeddable":true,"href":"https:\/\/www.europesays.com\/fr\/wp-json\/wp\/v2\/tags?post=389109"}],"curies":[{"name":"wp","href":"https:\/\/api.w.org\/{rel}","templated":true}]}}