{"id":38911,"date":"2025-04-20T12:50:11","date_gmt":"2025-04-20T12:50:11","guid":{"rendered":"https:\/\/www.europesays.com\/fr\/38911\/"},"modified":"2025-04-20T12:50:11","modified_gmt":"2025-04-20T12:50:11","slug":"strasbourg-lavenir-de-lopera-national-du-rhin-inquiete-lelu-dopposition-pierre-jakubowicz","status":"publish","type":"post","link":"https:\/\/www.europesays.com\/fr\/38911\/","title":{"rendered":"Strasbourg. L\u2019avenir de l\u2019Op\u00e9ra national du Rhin inqui\u00e8te l&rsquo;\u00e9lu d&rsquo;opposition Pierre Jakubowicz"},"content":{"rendered":"<p>L\u2019Op\u00e9ra national du Rhin a fait l\u2019objet d\u2019 \u00ab\u200aun travail transpartisan\u200a\u00bb sur plusieurs ann\u00e9es, dont Pierre Jakubowicz (Horizons) d\u00e9plore d\u2019apprendre \u00ab\u200ales options retenues, apr\u00e8s des mois de silence\u200a\u00bb, dans la presse. \u00ab\u200aLa conduite d\u2019un tel projet n\u00e9cessite pourtant <a href=\"https:\/\/www.dna.fr\/economie\/2025\/04\/13\/opera-national-du-rhin-trois-reserves-de-jean-philippe-vetter-(lr)\" target=\"_blank\" rel=\"nofollow noopener\">le consensus politique<\/a>\u200a\u00bb, regrette l\u2019\u00e9lu d\u2019opposition. \u00ab<a href=\"https:\/\/www.dna.fr\/culture-loisirs\/2025\/04\/10\/120-millions-d-euros-pour-renover-le-batiment-de-l-opera-du-rhin\" target=\"_blank\" rel=\"nofollow noopener\">\u200aCes 120\u00a0millions d\u2019euros<\/a> sont un chiffre au doigt mouill\u00e9, probablement sous-dimensionn\u00e9s par rapport aux enjeux et contraintes du projet\u200a\u00bb, comme l\u2019\u00e9tait d\u00e9j\u00e0 \u00ab\u200ale premier chiffrage annonc\u00e9 en 2023\u200a\u00bb, consid\u00e8re-t-il.<\/p>\n<p>\u00ab\u00a0 Un geste \u00e9lectoraliste\u00a0\u00bb<\/p>\n<p>\u00c0 moins d\u2019un an des municipales, \u00ab\u200acette annonce ressemble davantage \u00e0 un coup de communication qu\u2019\u00e0 une d\u00e9cision construite\u200a\u00bb, un \u00ab\u200ageste \u00e9lectoraliste, alors m\u00eame qu\u2019elle engage l\u2019avenir de l\u2019Op\u00e9ra\u200a\u00bb. Un choix, \u00ab\u200alourd de cons\u00e9quences\u200a\u00bb, qui sera \u00ab\u200ain\u00e9vitablement assum\u00e9 par la prochaine \u00e9quipe municipale\u200a\u00bb.<\/p>\n<p>Et l\u2019\u00e9lu &#8211; membre de la Mission d\u2019information et d\u2019\u00e9valuation (MIE) sur l\u2019avenir de l\u2019op\u00e9ra &#8211; de s\u2019interroger sur \u00ab\u200ale choix du maintien sur site si c\u2019est pour d\u00e9truire la salle \u00e0 l\u2019italienne si constitutive de l\u2019identit\u00e9 et de l\u2019\u00e2me du lieu\u200a?\u200a\u00bb. Et \u00ab\u200apourquoi perdre sur les deux tableaux en d\u00e9truisant la salle \u00e0 l\u2019italienne tout en perdant 200 places de jauge, fragilisant le mod\u00e8le \u00e9conomique\u200a?\u200a\u00bb Avant de faire part de son inqui\u00e9tude sur les \u00ab\u200aconditions de travail et d\u2019accueil \u00e0 venir pendant les saisons \u00ab\u200ahors les murs\u200a\u00bb pr\u00e9vues au Palais des f\u00eates, lieu inadapt\u00e9, y compris apr\u00e8s de nouveaux travaux\u200a\u00bb.<\/p>\n","protected":false},"excerpt":{"rendered":"L\u2019Op\u00e9ra national du Rhin a fait l\u2019objet d\u2019 \u00ab\u200aun travail transpartisan\u200a\u00bb sur plusieurs ann\u00e9es, dont Pierre Jakubowicz (Horizons)&hellip;\n","protected":false},"author":2,"featured_media":38912,"comment_status":"","ping_status":"","sticky":false,"template":"","format":"standard","meta":{"footnotes":""},"categories":[2820],"tags":[1111,11,4749,1984,33,2880,1777,674,1011,27,775,12,316,25,640],"class_list":{"0":"post-38911","1":"post","2":"type-post","3":"status-publish","4":"format-standard","5":"has-post-thumbnail","7":"category-strasbourg","8":"tag-actu","9":"tag-actualites","10":"tag-btp-et-chantiers","11":"tag-conseil-municipal","12":"tag-economie","13":"tag-edition-strasbourg","14":"tag-eu","15":"tag-europe","16":"tag-fr","17":"tag-france","18":"tag-grand-est","19":"tag-news","20":"tag-politique","21":"tag-republique-francaise","22":"tag-strasbourg"},"share_on_mastodon":{"url":"https:\/\/pubeurope.com\/@fr\/114370381457596380","error":""},"_links":{"self":[{"href":"https:\/\/www.europesays.com\/fr\/wp-json\/wp\/v2\/posts\/38911","targetHints":{"allow":["GET"]}}],"collection":[{"href":"https:\/\/www.europesays.com\/fr\/wp-json\/wp\/v2\/posts"}],"about":[{"href":"https:\/\/www.europesays.com\/fr\/wp-json\/wp\/v2\/types\/post"}],"author":[{"embeddable":true,"href":"https:\/\/www.europesays.com\/fr\/wp-json\/wp\/v2\/users\/2"}],"replies":[{"embeddable":true,"href":"https:\/\/www.europesays.com\/fr\/wp-json\/wp\/v2\/comments?post=38911"}],"version-history":[{"count":0,"href":"https:\/\/www.europesays.com\/fr\/wp-json\/wp\/v2\/posts\/38911\/revisions"}],"wp:featuredmedia":[{"embeddable":true,"href":"https:\/\/www.europesays.com\/fr\/wp-json\/wp\/v2\/media\/38912"}],"wp:attachment":[{"href":"https:\/\/www.europesays.com\/fr\/wp-json\/wp\/v2\/media?parent=38911"}],"wp:term":[{"taxonomy":"category","embeddable":true,"href":"https:\/\/www.europesays.com\/fr\/wp-json\/wp\/v2\/categories?post=38911"},{"taxonomy":"post_tag","embeddable":true,"href":"https:\/\/www.europesays.com\/fr\/wp-json\/wp\/v2\/tags?post=38911"}],"curies":[{"name":"wp","href":"https:\/\/api.w.org\/{rel}","templated":true}]}}