{"id":389111,"date":"2025-09-14T00:58:13","date_gmt":"2025-09-14T00:58:13","guid":{"rendered":"https:\/\/www.europesays.com\/fr\/389111\/"},"modified":"2025-09-14T00:58:13","modified_gmt":"2025-09-14T00:58:13","slug":"cf63-asse-les-clermontois-tombent-sans-demeriter","status":"publish","type":"post","link":"https:\/\/www.europesays.com\/fr\/389111\/","title":{"rendered":"CF63 \/ ASSE : Les Clermontois tombent sans d\u00e9m\u00e9riter"},"content":{"rendered":"<p><strong>Auteurs d\u2019une solide premi\u00e8re mi-temps r\u00e9compens\u00e9e par l\u2019ouverture du score de Camblan juste avant la pause (1-0, 44e), les Clermontois s\u2019inclinent face \u00e0 des St\u00e9phanois qui ont pris l\u2019avantage sur deux buts de Boakye (1-1, 52e) et Stassin (1-2, 62e) en d\u00e9but de seconde p\u00e9riode. Face au leader de la Ligue 2 ils enregistrent leur premier revers de la saison.<\/strong><\/p>\n<p>C\u2019est le genre de match o\u00f9 frustration et d\u00e9ception se m\u00ealent \u00e0 la fin de la partie. Face \u00e0 une \u00e9quipe de Saint-Etienne venue avec l\u2019objectif de s\u2019installer dans le fauteuil de leader, les Clermontois n\u2019ont pas d\u00e9m\u00e9rit\u00e9. Tout de suite dans le vif du sujet, c\u2019est Camblan qui allume la premi\u00e8re m\u00e8che apr\u00e8s moins de trois minutes de jeu mais Larsonneur se d\u00e9tend bien.<\/p>\n<p>Malgr\u00e9 une \u00e9quipe rajeunie avec notamment les premi\u00e8res titularisations en Ligue 2 de Said et Astic, les prot\u00e9g\u00e9s du duo Mazeyrat-Proment sont les plus entreprenants. Apr\u00e8s que Guivarch ait repouss\u00e9 une tentative de Boakye (21e), Konat\u00e9 (25e) et Fakili (38e) tentent leur chance sans r\u00e9ussite.<\/p>\n<p>C\u2019est finalement Camblan qui trouve la faille juste avant la pause. Pour son premier match sous les couleurs du CF63, le joueur pr\u00eat\u00e9 par Brest percute c\u00f4t\u00e9 droit avant de repiquer dans l\u2019axe et d\u2019ajuster Larsonneur d\u2019une frappe au premier poteau (1-0, 44e).<\/p>\n<p>\u00ab\u00a0On a fait un bon match dans l\u2019ensemble contre une tr\u00e8s bonne \u00e9quipe, analyse Johan Gastien. On a su faire jeu \u00e9gal. On a essay\u00e9 de proposer du jeu face \u00e0 une \u00e9quipe que peu de formations ont r\u00e9ussi \u00e0 mettre en difficult\u00e9 depuis le d\u00e9but de la saison.\u00a0\u00bb<\/p>\n<p>Le retour des vestiaires apr\u00e8s la pause aura \u00e9t\u00e9 le plus d\u00e9licat \u00e0 g\u00e9rer. Durant les quinze premi\u00e8res minutes, les St\u00e9phanois prennent le contr\u00f4le du ballon et trouvent la faille \u00e0 deux reprises par Boakye (1-1, 52e) et Stassin (1-2, 62e).<\/p>\n<p>Malgr\u00e9 leurs efforts, les Clermontois ne parviennent pas \u00e0 revenir au score et enregistrent leur premier revers de la saison. \u00ab\u00a0On va retenir le positif, insiste Johan Gastien. Malgr\u00e9 la d\u00e9faite et la d\u00e9ception, c\u2019est plut\u00f4t encourageant pour la suite parce que je pense qu\u2019on m\u00e9ritait le match nul. On doit se servir de ce match comme base de travail et faire encore mieux notamment nos temps forts.\u00a0\u00bb<\/p>\n<p>Vendredi prochain (20 heures), le Clermont Foot 63 se d\u00e9placera sur la pelouse de Rodez avec l\u2019objectif de ramener un r\u00e9sultat positif.<\/p>\n<p>Feuille de match. Clermont Foot 63 \u2013 AS Saint-Etienne 1-2<\/p>\n<p><strong>CF63.<\/strong> Guivarch \u2013 Konat\u00e9, Salmier (cap., Donavin, 80e), Caufriez, Boto \u2013 Gastien (Saivet, 67e), Astic (Baalal, 31e) \u2013 Camblan, Bamba (Coulibaly, 80e), Fakili (Hunou, 67e) \u2013 Said (Socka, 87e). Entra\u00eeneurs : S\u00e9bastien Mazeyrat et Gr\u00e9gory Proment.<\/p>\n<p><strong>ASSE.<\/strong> Larsonneur (cap.) \u2013 Ferreira, Lamba, Nad\u00e9, Bernauer \u2013 Jaber, Gedegbeku (Miladinovic, 46e), Tardieu \u2013 Cardona (Duffus, 87e), Boakye (El Jamali, 80e), Old (Stassin, 46e). Entra\u00eeneur Eirik Horneland.<\/p>\n<p><strong>Buteurs. CF63 :<\/strong> Camblan (44e). <strong>ASSE :<\/strong> Boakye (52e), Stassin (62e).<\/p>\n<p><strong>Cartons jaunes. CF63 :<\/strong> Konat\u00e9 (58e). <strong>ASSE :<\/strong> Bernauer (47e).<\/p>\n<p><strong>Arbitre :<\/strong> Ahmed Taleb.<\/p>\n","protected":false},"excerpt":{"rendered":"Auteurs d\u2019une solide premi\u00e8re mi-temps r\u00e9compens\u00e9e par l\u2019ouverture du score de Camblan juste avant la pause (1-0, 44e),&hellip;\n","protected":false},"author":2,"featured_media":389112,"comment_status":"","ping_status":"","sticky":false,"template":"","format":"standard","meta":{"footnotes":""},"categories":[9653],"tags":[1111,11,2430,1777,674,1011,27,12,25,4001],"class_list":{"0":"post-389111","1":"post","2":"type-post","3":"status-publish","4":"format-standard","5":"has-post-thumbnail","7":"category-saint-etienne","8":"tag-actu","9":"tag-actualites","10":"tag-auvergne-rhone-alpes","11":"tag-eu","12":"tag-europe","13":"tag-fr","14":"tag-france","15":"tag-news","16":"tag-republique-francaise","17":"tag-saint-etienne"},"share_on_mastodon":{"url":"https:\/\/pubeurope.com\/@fr\/115199941175991948","error":""},"_links":{"self":[{"href":"https:\/\/www.europesays.com\/fr\/wp-json\/wp\/v2\/posts\/389111","targetHints":{"allow":["GET"]}}],"collection":[{"href":"https:\/\/www.europesays.com\/fr\/wp-json\/wp\/v2\/posts"}],"about":[{"href":"https:\/\/www.europesays.com\/fr\/wp-json\/wp\/v2\/types\/post"}],"author":[{"embeddable":true,"href":"https:\/\/www.europesays.com\/fr\/wp-json\/wp\/v2\/users\/2"}],"replies":[{"embeddable":true,"href":"https:\/\/www.europesays.com\/fr\/wp-json\/wp\/v2\/comments?post=389111"}],"version-history":[{"count":0,"href":"https:\/\/www.europesays.com\/fr\/wp-json\/wp\/v2\/posts\/389111\/revisions"}],"wp:featuredmedia":[{"embeddable":true,"href":"https:\/\/www.europesays.com\/fr\/wp-json\/wp\/v2\/media\/389112"}],"wp:attachment":[{"href":"https:\/\/www.europesays.com\/fr\/wp-json\/wp\/v2\/media?parent=389111"}],"wp:term":[{"taxonomy":"category","embeddable":true,"href":"https:\/\/www.europesays.com\/fr\/wp-json\/wp\/v2\/categories?post=389111"},{"taxonomy":"post_tag","embeddable":true,"href":"https:\/\/www.europesays.com\/fr\/wp-json\/wp\/v2\/tags?post=389111"}],"curies":[{"name":"wp","href":"https:\/\/api.w.org\/{rel}","templated":true}]}}