{"id":389116,"date":"2025-09-14T01:03:17","date_gmt":"2025-09-14T01:03:17","guid":{"rendered":"https:\/\/www.europesays.com\/fr\/389116\/"},"modified":"2025-09-14T01:03:17","modified_gmt":"2025-09-14T01:03:17","slug":"un-village-modifie-son-blason-un-habitant-dit-avoir-repere-une-grosse-erreur-de-la-mairie","status":"publish","type":"post","link":"https:\/\/www.europesays.com\/fr\/389116\/","title":{"rendered":"Un village modifie son blason\u00a0: un habitant dit avoir rep\u00e9r\u00e9 une grosse erreur de la mairie"},"content":{"rendered":"<p>\u00c0 Valdeblore (Alpes-Maritimes), un habitant regrette la modification du blason de la commune. Ce passionn\u00e9 d\u2019histoire d\u00e9nonce un <strong>\u00ab\u00a0contresens historique\u00a0\u00bb<\/strong> de la commune, qui a remplac\u00e9 sur le logo la couronne \u00e0 quatre tours par une couronne \u00e0 fleurs de Lys. Or, ces quatre tours symbolisaient quatre villages que regroupe Valdeblore, avec La Bolline, Saint-Dalmas et Molli\u00e8res, rapporte <a href=\"https:\/\/www.nicematin.com\/insolite\/une-injure-a-l-histoire-a-valdeblore-le-blason-de-la-discorde-1001227\" target=\"_blank\" rel=\"nofollow noopener\"> Nice-Matin <\/a>\u00a0ce mercredi 10\u00a0septembre 2025.<\/p>\n<p>Pour l\u2019habitant, cette r\u00e9f\u00e9rence \u00e0 la monarchie via la fleur de lys <strong>\u00ab\u00a0n\u2019a pas lieu d\u2019\u00eatre\u00a0\u00bb,<\/strong> puisque la commune n\u2019a jamais appartenu au Royaume de France mais au Comt\u00e9 de Savoie.<\/p>\n<p>Un courrier \u00e0 la mairie<\/p>\n<p><strong>\u00ab\u00a0Aucun historien n\u2019aurait valid\u00e9 \u00e7a\u00a0\u00bb,<\/strong> a affirm\u00e9 l\u2019habitant, qui a envoy\u00e9 un courrier \u00e0 la maire pour l\u2019interroger sur le respect des proc\u00e9dures administratives dans le cadre d\u2019une modification d\u2019armoiries communales.<\/p>\n<p>Difficile \u00e0 comprendre pour la maire Carole Cervel, qui explique que le blason a \u00e9t\u00e9 redessin\u00e9 au d\u00e9but de sa mandature. Elle promet pour autant que <strong>\u00ab\u00a0s\u2019il y a eu erreur, elle sera rectifi\u00e9e\u00a0\u00bb.<\/strong><\/p>\n<p>Pour en savoir plus\u00a0: lire l\u2019article de\u00a0<a href=\"https:\/\/www.nicematin.com\/insolite\/une-injure-a-l-histoire-a-valdeblore-le-blason-de-la-discorde-1001227\" target=\"_blank\" rel=\"nofollow noopener\"> Nice-Matin <\/a><\/p>\n<p>\u00a0<\/p>\n","protected":false},"excerpt":{"rendered":"\u00c0 Valdeblore (Alpes-Maritimes), un habitant regrette la modification du blason de la commune. Ce passionn\u00e9 d\u2019histoire d\u00e9nonce un&hellip;\n","protected":false},"author":2,"featured_media":389117,"comment_status":"","ping_status":"","sticky":false,"template":"","format":"standard","meta":{"footnotes":""},"categories":[9619],"tags":[1111,11,52138,2827,12444,1777,674,1011,27,19675,4713,5415,14327,12,882,16184,25,2310,6456],"class_list":{"0":"post-389116","1":"post","2":"type-post","3":"status-publish","4":"format-standard","5":"has-post-thumbnail","7":"category-toulon","8":"tag-actu","9":"tag-actualites","10":"tag-blason","11":"tag-dit","12":"tag-erreur","13":"tag-eu","14":"tag-europe","15":"tag-fr","16":"tag-france","17":"tag-grosse","18":"tag-habitant","19":"tag-mairie","20":"tag-modifie","21":"tag-news","22":"tag-provence-alpes-cote-dazur","23":"tag-repere","24":"tag-republique-francaise","25":"tag-toulon","26":"tag-village"},"share_on_mastodon":{"url":"https:\/\/pubeurope.com\/@fr\/115199960935645957","error":""},"_links":{"self":[{"href":"https:\/\/www.europesays.com\/fr\/wp-json\/wp\/v2\/posts\/389116","targetHints":{"allow":["GET"]}}],"collection":[{"href":"https:\/\/www.europesays.com\/fr\/wp-json\/wp\/v2\/posts"}],"about":[{"href":"https:\/\/www.europesays.com\/fr\/wp-json\/wp\/v2\/types\/post"}],"author":[{"embeddable":true,"href":"https:\/\/www.europesays.com\/fr\/wp-json\/wp\/v2\/users\/2"}],"replies":[{"embeddable":true,"href":"https:\/\/www.europesays.com\/fr\/wp-json\/wp\/v2\/comments?post=389116"}],"version-history":[{"count":0,"href":"https:\/\/www.europesays.com\/fr\/wp-json\/wp\/v2\/posts\/389116\/revisions"}],"wp:featuredmedia":[{"embeddable":true,"href":"https:\/\/www.europesays.com\/fr\/wp-json\/wp\/v2\/media\/389117"}],"wp:attachment":[{"href":"https:\/\/www.europesays.com\/fr\/wp-json\/wp\/v2\/media?parent=389116"}],"wp:term":[{"taxonomy":"category","embeddable":true,"href":"https:\/\/www.europesays.com\/fr\/wp-json\/wp\/v2\/categories?post=389116"},{"taxonomy":"post_tag","embeddable":true,"href":"https:\/\/www.europesays.com\/fr\/wp-json\/wp\/v2\/tags?post=389116"}],"curies":[{"name":"wp","href":"https:\/\/api.w.org\/{rel}","templated":true}]}}