{"id":389118,"date":"2025-09-14T01:04:13","date_gmt":"2025-09-14T01:04:13","guid":{"rendered":"https:\/\/www.europesays.com\/fr\/389118\/"},"modified":"2025-09-14T01:04:13","modified_gmt":"2025-09-14T01:04:13","slug":"drean-phenomenal-jaminet-facteur-x-gros-au-tapis-les-tops-flops","status":"publish","type":"post","link":"https:\/\/www.europesays.com\/fr\/389118\/","title":{"rendered":"Dr\u00e9an ph\u00e9nom\u00e9nal, Jaminet facteur X, Gros au tapis&#8230; Les tops\/flops"},"content":{"rendered":"<p>Au terme de la p\u00e9nible victoire du RC Toulon samedi soir sur sa pelouse de Mayol face au Castres Olympique (16-12), dans le cadre de la deuxi\u00e8me journ\u00e9e du Top 14, d\u00e9couvrez ce qui a plu&#8230; et d\u00e9plu \u00e0 la r\u00e9daction du Figaro.<\/p>\n<p class=\"fig-paragraph\"><strong>TOPS\u00a0<\/strong><\/p>\n<p>Melvyn Jaminet, facteur X<\/p>\n<p class=\"fig-paragraph\">Entr\u00e9 en jeu en d\u00e9but de seconde p\u00e9riode \u00e0 la place de Marius Domon (55e),\u00a0<a href=\"http:\/\/www.lefigaro.fr\/sports\/rugby\/cas-jaminet-redressement-de-la-ffr-le-president-de-la-federation-florian-grill-aborde-les-sujets-chauds-20250618\" data-fig-type=\"NewsFlash\" data-gtm-custom-categorie=\"navigation\" data-gtm-custom-action=\"crossclick\" data-gtm-custom-label=\"Contextuel\" data-gtm-event=\"customEventSPE\" data-fig-domain=\"LEFIGARO\" target=\"_blank\" rel=\"noopener\">l\u2019arri\u00e8re varois<\/a>\u00a0a compl\u00e8tement chang\u00e9 la physionomie du match et a guid\u00e9 son \u00e9quipe vers le\u00a0<a href=\"http:\/\/www.lefigaro.fr\/sports\/rugby\/top-14\/top-14-grace-a-un-numero-de-drean-toulon-s-impose-a-mayol-20250913\" data-fig-type=\"NewsFlash\" data-gtm-custom-categorie=\"navigation\" data-gtm-custom-action=\"crossclick\" data-gtm-custom-label=\"Contextuel\" data-gtm-event=\"customEventSPE\" data-fig-domain=\"LEFIGARO\" target=\"_blank\" rel=\"noopener\">succ\u00e8s face \u00e0 Castres<\/a>\u00a0(<a href=\"https:\/\/www.lefigaro.fr\/sports\/rugby\/live\/top-14\/2026\/947933\/toulon-castres\" data-fig-type=\"Live\" data-gtm-custom-categorie=\"navigation\" data-gtm-custom-action=\"crossclick\" data-gtm-custom-label=\"Contextuel\" data-gtm-event=\"customEventSPE\" data-fig-domain=\"LEFIGARO\" target=\"_blank\" rel=\"noopener\">16-12<\/a>). Il a d\u2019abord \u00e9t\u00e9 passeur d\u00e9cisif quelques minutes plus tard pour l\u2019essai stratosph\u00e9rique de\u00a0<a href=\"http:\/\/www.lefigaro.fr\/sports\/rugby\/6-nations\/xv-de-france-je-ne-m-attendais-pas-du-tout-a-etre-selectionne-murmure-gael-drean-20250121\" data-fig-type=\"NewsFlash\" data-gtm-custom-categorie=\"navigation\" data-gtm-custom-action=\"crossclick\" data-gtm-custom-label=\"Contextuel\" data-gtm-event=\"customEventSPE\" data-fig-domain=\"LEFIGARO\" target=\"_blank\" rel=\"noopener\">Ga\u00ebl Dr\u00e9an<\/a>, avant de transformer lui-m\u00eame l\u2019essai et de placer un drop succulent dans la foul\u00e9e (68e). Une sortie de banc de grande classe.<\/p>\n<p class=\"fig-body-link\">\n            \u00c0 lire aussi<br \/>\n        <a class=\"fig-body-link__link\" href=\"http:\/\/www.lefigaro.fr\/sports\/rugby\/top-14\/top-14-grace-a-un-numero-de-drean-toulon-s-impose-a-mayol-20250913\" data-fig-type=\"NewsFlash\" data-gtm-custom-categorie=\"navigation\" data-gtm-custom-action=\"crossclick\" data-gtm-custom-label=\"Contextuel\" data-gtm-event=\"customEventSPE\" data-fig-domain=\"LEFIGARO\" target=\"_blank\" rel=\"noopener\">Top 14\u00a0: gr\u00e2ce \u00e0 Dr\u00e9an et Jaminet, Toulon s\u2019en sort \u00e0 Mayol face \u00e0 Castres<br \/>\n    <\/a>\n<\/p>\n<p>                                    <a class=\"fig-a11y-skip a11y-hidden\" href=\"#fig-a11y-skip-main-inarticle\"><br \/>\n        Passer la publicit\u00e9<br \/>\n    <\/a><\/p>\n<p>Ga\u00ebl Dr\u00e9an ph\u00e9nom\u00e9nal<\/p>\n<p class=\"fig-paragraph\">Le\u00a0<a href=\"http:\/\/www.lefigaro.fr\/sports\/rugby\/coupe-d-europe\/fils-de-footballeur-bretagne-fusee-5-choses-a-savoir-sur-gael-drean-le-toulonnais-meilleur-marqueur-du-top-14-20250109\" data-fig-type=\"NewsFlash\" data-gtm-custom-categorie=\"navigation\" data-gtm-custom-action=\"crossclick\" data-gtm-custom-label=\"Contextuel\" data-gtm-event=\"customEventSPE\" data-fig-domain=\"LEFIGARO\" target=\"_blank\" rel=\"noopener\">meilleur marqueur d\u2019essai de la saison pass\u00e9e<\/a>\u00a0repart sur les chapeaux de roues avec un nouvel essai prodigieux. Le deuxi\u00e8me (d\u00e9j\u00e0) en autant de matches depuis la reprise. Longtemps discret et musel\u00e9 dans ce match, le trois-quarts aile n\u2019a eu besoin que d\u2019une seule ouverture, au bon moment, pour faire parler son explosivit\u00e9. Le num\u00e9ro 14 du RCT cumule 65 m\u00e8tres parcourus ballon en main, le tout chaperonn\u00e9 d\u2019un franchissement d\u00e9cisif. Un ph\u00e9nom\u00e8ne.<\/p>\n<p>Louis Le Brun au garde \u00e0 vous<\/p>\n<p class=\"fig-paragraph\">Il aura fait ce qu\u2019il a pu. Encore douze unit\u00e9s au compteur pour lui. La totalit\u00e9 des points de son \u00e9quipe. L\u2019ouvreur du CO s\u2019est d\u00e9men\u00e9 sur certaines actions et &#8211; malgr\u00e9 quelques d\u00e9chets au pied &#8211; restera l\u2019un des meilleurs Tarnais samedi soir.<\/p>\n<p>Le \u00abtracteur\u00bb Beka <strong>Gigashvili<\/strong><\/p>\n<p class=\"fig-paragraph\">Une v\u00e9ritable machine de guerre. Une fois lanc\u00e9, le pilier toulonnais est quasiment inarr\u00eatable. Dans une partie qui a longtemps sembl\u00e9 \u00eatre une guerre de territoire ou un duel de buteurs plut\u00f4t qu\u2019un match de rugby, le G\u00e9orgien s\u2019est illustr\u00e9, et comme il se doit. Et en d\u00e9fense\u00a0? Pareil. Un roc. Le Varois termine la rencontre avec huit plaquages r\u00e9ussis sur dix. Un des meilleurs avants de ce choc qui contraste avec un de ses co\u00e9quipiers et homologues&#8230;<\/p>\n<p class=\"fig-body-link\">\n            \u00c0 lire aussi<br \/>\n        <a class=\"fig-body-link__link\" href=\"http:\/\/www.lefigaro.fr\/sports\/rugby\/top-14\/top-14-zach-mercer-le-nouveau-destroyer-de-toulon-20250913\" data-fig-type=\"NewsFlash\" data-gtm-custom-categorie=\"navigation\" data-gtm-custom-action=\"crossclick\" data-gtm-custom-label=\"Contextuel\" data-gtm-event=\"customEventSPE\" data-fig-domain=\"LEFIGARO\" target=\"_blank\" rel=\"noopener\">Top 14\u00a0: Zach Mercer, le nouveau destroyer de Toulon<br \/>\n    <\/a>\n<\/p>\n<p class=\"fig-paragraph\"><strong>FLOPS<\/strong><\/p>\n<p>Jean-Baptiste Gros au tapis<\/p>\n<p class=\"fig-paragraph\">Contrairement \u00e0 Gigashvili, son vis-\u00e0-vis \u00e0 droite,\u00a0<a href=\"http:\/\/www.lefigaro.fr\/sports\/rugby\/xv-de-france\/xv-de-france-c-est-quand-meme-le-pays-du-rugby-jean-baptiste-gros-reve-aussi-de-la-tournee-chez-les-all-blacks-20250403\" data-fig-type=\"NewsFlash\" data-gtm-custom-categorie=\"navigation\" data-gtm-custom-action=\"crossclick\" data-gtm-custom-label=\"Contextuel\" data-gtm-event=\"customEventSPE\" data-fig-domain=\"LEFIGARO\" target=\"_blank\" rel=\"noopener\">le pilier gauche du RCT<\/a>\u00a0est compl\u00e8tement pass\u00e9 \u00e0 c\u00f4t\u00e9 de son match. D\u2019ordinaire pr\u00e9cieux dans le jeu courant, il s\u2019est noy\u00e9 dans ce combat frontal, sans jamais trouver le bon ton. Cette bataille d\u2019avants ne lui a clairement pas convenu. Domin\u00e9 en m\u00eal\u00e9e, il a encha\u00een\u00e9 les p\u00e9nalit\u00e9s, dont l\u2019une a offert trois points aux Castrais. Une autre, conc\u00e9d\u00e9e juste avant son remplacement par Dany Priso, a scell\u00e9 un passage \u00e0 vide dont Toulon se serait bien pass\u00e9. Prestation catastrophique.<\/p>\n<p>                                    <a class=\"fig-a11y-skip a11y-hidden\" href=\"#fig-a11y-skip-main-inarticle_mtf\"><br \/>\n        Passer la publicit\u00e9<br \/>\n    <\/a><\/p>\n<p>Un RCT peu emballant<\/p>\n<p class=\"fig-paragraph\">Malgr\u00e9 la victoire (poussive), difficile d\u2019y voir autre chose qu\u2019un succ\u00e8s en demi-teinte. Longtemps brouillons, les Varois ont balbuti\u00e9 leur rugby, multipliant les fautes de main et les choix hasardeux. L\u2019indiscipline, d\u00e9j\u00e0 point\u00e9e du doigt la semaine pass\u00e9e, s\u2019est \u00e0 nouveau invit\u00e9e \u00e0 la f\u00eate avec dix p\u00e9nalit\u00e9s conc\u00e9d\u00e9es. Face \u00e0 une \u00e9quipe castraise solide mais loin d\u2019\u00eatre imprenable, les Rouge et Noir ont pein\u00e9 \u00e0 imposer leur rythme et \u00e0 d\u00e9velopper le moindre fil conducteur dans leur jeu. Il a fallu attendre les entr\u00e9es salvatrices de Jaminet et l\u2019\u00e9tincelle de Dr\u00e9an pour entrevoir un \u00e9clair de fluidit\u00e9 et faire basculer une rencontre jusque-l\u00e0 bien terne et maussade. Certes, Toulon repart avec les quatre points de la victoire et se hisse provisoirement \u00e0 la quatri\u00e8me place du championnat. Mais au vu de la copie rendue, c\u2019est bien le CO qui peut nourrir le plus de regrets. Et le RCT quelques inqui\u00e9tudes.<\/p>\n","protected":false},"excerpt":{"rendered":"Au terme de la p\u00e9nible victoire du RC Toulon samedi soir sur sa pelouse de Mayol face au&hellip;\n","protected":false},"author":2,"featured_media":389119,"comment_status":"","ping_status":"","sticky":false,"template":"","format":"standard","meta":{"footnotes":""},"categories":[9619],"tags":[1111,11,7336,1777,674,1011,27,12,882,8177,25,478,2310],"class_list":{"0":"post-389118","1":"post","2":"type-post","3":"status-publish","4":"format-standard","5":"has-post-thumbnail","7":"category-toulon","8":"tag-actu","9":"tag-actualites","10":"tag-castres-olympique","11":"tag-eu","12":"tag-europe","13":"tag-fr","14":"tag-france","15":"tag-news","16":"tag-provence-alpes-cote-dazur","17":"tag-rc-toulon","18":"tag-republique-francaise","19":"tag-top-14","20":"tag-toulon"},"share_on_mastodon":{"url":"https:\/\/pubeurope.com\/@fr\/115199964822702543","error":""},"_links":{"self":[{"href":"https:\/\/www.europesays.com\/fr\/wp-json\/wp\/v2\/posts\/389118","targetHints":{"allow":["GET"]}}],"collection":[{"href":"https:\/\/www.europesays.com\/fr\/wp-json\/wp\/v2\/posts"}],"about":[{"href":"https:\/\/www.europesays.com\/fr\/wp-json\/wp\/v2\/types\/post"}],"author":[{"embeddable":true,"href":"https:\/\/www.europesays.com\/fr\/wp-json\/wp\/v2\/users\/2"}],"replies":[{"embeddable":true,"href":"https:\/\/www.europesays.com\/fr\/wp-json\/wp\/v2\/comments?post=389118"}],"version-history":[{"count":0,"href":"https:\/\/www.europesays.com\/fr\/wp-json\/wp\/v2\/posts\/389118\/revisions"}],"wp:featuredmedia":[{"embeddable":true,"href":"https:\/\/www.europesays.com\/fr\/wp-json\/wp\/v2\/media\/389119"}],"wp:attachment":[{"href":"https:\/\/www.europesays.com\/fr\/wp-json\/wp\/v2\/media?parent=389118"}],"wp:term":[{"taxonomy":"category","embeddable":true,"href":"https:\/\/www.europesays.com\/fr\/wp-json\/wp\/v2\/categories?post=389118"},{"taxonomy":"post_tag","embeddable":true,"href":"https:\/\/www.europesays.com\/fr\/wp-json\/wp\/v2\/tags?post=389118"}],"curies":[{"name":"wp","href":"https:\/\/api.w.org\/{rel}","templated":true}]}}