{"id":389132,"date":"2025-09-14T01:17:33","date_gmt":"2025-09-14T01:17:33","guid":{"rendered":"https:\/\/www.europesays.com\/fr\/389132\/"},"modified":"2025-09-14T01:17:33","modified_gmt":"2025-09-14T01:17:33","slug":"les-comptes-a-suivre-a-strasbourg-quand-on-est-etudiante","status":"publish","type":"post","link":"https:\/\/www.europesays.com\/fr\/389132\/","title":{"rendered":"les comptes \u00e0 suivre \u00e0 Strasbourg quand on est \u00e9tudiant(e)"},"content":{"rendered":"<p><b>Pour s\u2019int\u00e9grer compl\u00e8tement dans la vie strasbourgeoise et en conna\u00eetre toutes les r\u00e9f\u2019, rien de mieux que de suivre les comptes locaux sur les r\u00e9seaux sociaux. On te partage tous les sites utiles et les comptes \u00e0 suivre, pour alimenter ton propre feed strasbourgeois.<\/b><\/p>\n<p>Avec plus de <b>56 000 \u00e9tudiant(e)s, <\/b>dont 8 000 qui d\u00e9butent leurs \u00e9tudes apr\u00e8s le bac, Strasbourg fourmille de nouveaux et nouvelles arrivant(e)s \u00e0 la rentr\u00e9e. Pour d\u00e9couvrir une nouvelle ville, il ne suffit pas de savoir se d\u00e9placer d\u2019un point A \u00e0 un point B, <b>il faut s\u2019impr\u00e9gner de la culture locale, des personnalit\u00e9s qui l\u2019animent et des lieux phares.<\/b><\/p>\n<p>Alors pour conna\u00eetre tous les bons plans et s\u2019int\u00e9grer comme il faut dans le lore strasbourgeois, <b>voici les sites \u00e0 consulter et les comptes auxquels s\u2019abonner quand on vient d\u2019arriver.\u00a0\u00a0<\/b><\/p>\n<p>    <img width=\"800\" height=\"457\" src=\"https:\/\/www.europesays.com\/fr\/wp-content\/uploads\/2025\/09\/colocation-strasbourg-pires-histoires-1-800x457.jpg\" class=\"attachment-image-size-L size-image-size-L\" alt=\"r\u00e9seaux sociaux t\u00e9l\u00e9phone\" decoding=\"async\" loading=\"lazy\"  \/>         \u00a9 Charlie Picci-Claude \/ Pokaa <\/p>\n<p>Strasbourg aime ses \u00e9tudiant.e.s<\/p>\n<p>Le dispositif <b>\u00ab <\/b><a href=\"https:\/\/www.strasbourgaimesesetudiants.eu\/\" target=\"_blank\" rel=\"noopener nofollow\"><b>Strasbourg aime ses \u00e9tudiant.e.s<\/b><\/a><b> \u00bb<\/b>, mis en place par la Ville et l\u2019Eurom\u00e9tropole de Strasbourg (EMS), est sp\u00e9cifiquement pr\u00e9vu pour aider les \u00e9tudiant(e)s \u00e0 s\u2019int\u00e9grer ! Logement, sant\u00e9, aides, bons plans, le site web regorge <b>d\u2019informations essentielles pour celles et ceux qui d\u00e9barquent \u00e0 Strasbourg<\/b> pour y faire leurs \u00e9tudes.<\/p>\n<p>Ce sont aussi des \u00e9v\u00e9nements organis\u00e9s tout au long de l\u2019ann\u00e9e,<b> qui te permettront de rencontrer plein de monde. <\/b>Comme par exemple des ateliers cuisine, des visites de Strasbourg, des visites de mus\u00e9es, de la cath\u00e9drale, ou encore <b>des concerts et soir\u00e9es sur le campus universitaire.<\/b> Pour ne rien louper, n\u2019h\u00e9site pas \u00e0 surveiller les \u00e9v\u00e9nements de <a href=\"https:\/\/www.facebook.com\/strasetudiants\" target=\"_blank\" rel=\"noopener nofollow\"><strong>l<\/strong><b>a page Facebook<\/b><\/a><b> ou <\/b><a href=\"https:\/\/www.instagram.com\/strasetudiants\" target=\"_blank\" rel=\"noopener nofollow\"><b>du compte Insta<\/b><\/a>.<\/p>\n<p>    <img width=\"800\" height=\"533\" src=\"https:\/\/www.europesays.com\/fr\/wp-content\/uploads\/2025\/09\/etudiants-campus-esplanade-2-800x533.jpg\" class=\"attachment-image-size-L size-image-size-L\" alt=\"Etudiants campus esplanade 2\" decoding=\"async\" loading=\"lazy\"  \/>         \u00a9 David Lev\u00eaque \/ Pokaa <\/p>\n<p>Les groupes Facebook \u00e0 rejoindre<\/p>\n<p>Pour celles et ceux qui ont encore Facebook, <b>l\u2019entraide strasbourgeoise s\u2019organise en grande partie via des groupes, <\/b>comprenant parfois des dizaines de milliers de membres. Voil\u00e0 pourquoi rejoindre certains groupes Facebook t\u2019ouvrira les portes de toute une communaut\u00e9.<\/p>\n<p>\u00c9tudiants de Strasbourg<\/p>\n<p><b>Le groupe <\/b><a href=\"https:\/\/www.facebook.com\/groups\/762705170482605\" target=\"_blank\" rel=\"noopener nofollow\"><b>\u00c9tudiants de Strasbourg<\/b><\/a> compte 96 000 membres. On y trouve des infos, des actus, des articles locaux partag\u00e9s, de nombreux conseils et des membres pr\u00eat(e)s \u00e0 r\u00e9pondre \u00e0 tes questions. Hormis ce groupe immens\u00e9ment peupl\u00e9, <b>chaque fili\u00e8re universitaire a bien souvent son groupe Facebook.<\/b> N\u2019h\u00e9site pas \u00e0 trouver le tien.<\/p>\n<p>                <a href=\"https:\/\/pokaa.fr\/2024\/02\/15\/etudiants-de-strasbourg-qui-se-cache-derriere-le-groupe-facebook-aux-96-000-membres\/\" rel=\"nofollow noopener\" target=\"_blank\"><br \/>\n                    <img width=\"450\" height=\"270\" src=\"https:\/\/www.europesays.com\/fr\/wp-content\/uploads\/2025\/09\/dsc-5476-2-450x270.jpg\" class=\"attachment-card-horizontal--same-subject size-card-horizontal--same-subject wp-post-image\" alt=\"\" decoding=\"async\" loading=\"lazy\"\/>                <\/a><\/p>\n<p>    <img width=\"800\" height=\"457\" src=\"https:\/\/www.europesays.com\/fr\/wp-content\/uploads\/2025\/04\/strasbourgaimesesetudiants-campus-etudiants-fac-esplanade-universite22.jpeg\" class=\"attachment-image-size-L size-image-size-L\" alt=\"strasbourgaimesesetudiants-campus-etudiants-fac-esplanade-universite22\" decoding=\"async\" loading=\"lazy\"  \/>         \u00a9 Samuel Compion \/ Pokaa <\/p>\n<p>Sharing is Caring Strasbourg<\/p>\n<p><a href=\"https:\/\/www.facebook.com\/groups\/SharingIsCaringStrasbourg\/\" target=\"_blank\" rel=\"noopener nofollow\"><b>Sharing is Caring Strasbourg,<\/b><\/a> c\u2019est LE bon plan \u00e0 ne pas louper ! C\u2019est une communaut\u00e9 solidaire de partage, bas\u00e9e sur l\u2019entraide et le don. <b>Meubles, plantes, aides pour des d\u00e9m\u00e9nagements, r\u00e9parations de v\u00e9los<\/b> ou simple demande de renseignement : les posts sont divers et vari\u00e9s, avec une multitude de dons et d\u2019\u00e9changes propos\u00e9s par ses membres.<\/p>\n<p>    <img width=\"420\" height=\"600\" src=\"https:\/\/www.europesays.com\/fr\/wp-content\/uploads\/2025\/09\/screenshot_20210312_022355-e1615523788818.jpg\" class=\"attachment-image-size-M size-image-size-M\" alt=\"m\u00e2choires poissons + bizarre + annonce + sharing is caring\" decoding=\"async\" loading=\"lazy\"\/>         Y a parfois de l&rsquo;insolite. \u00a9 Sharing is Caring Strasbourg \/ Capture d&rsquo;\u00e9cran <\/p>\n<p>Erasmus student network (ESN)<\/p>\n<p>Pour les \u00e9tudiant(e)s Erasmus, le groupe de l\u2019association des \u00e9tudiant(e)s internationaux\/les de Strasbourg (ou <a href=\"https:\/\/www.facebook.com\/esn.strasbourg\" target=\"_blank\" rel=\"noopener nofollow\"><b>ESN, Erasmus student network<\/b><\/a>) est la r\u00e9f\u00e9rence pour s\u2019int\u00e9grer facilement !\u00a0<\/p>\n<p>    <img width=\"800\" height=\"600\" src=\"https:\/\/www.europesays.com\/fr\/wp-content\/uploads\/2025\/04\/tavernefrancaise-travaillercafe-strasbourg.jpg\" class=\"attachment-image-size-L size-image-size-L\" alt=\"tavernefrancaise-travaillercafe-strasbourg\" decoding=\"async\" loading=\"lazy\"  \/>         \u00a9 Pokaa <\/p>\n<p>Les comptes Instagram<\/p>\n<p>Pour s\u2019impr\u00e9gner de la douceur de vivre strasbourgeoise,<b> rien de tel que de suivre les comptes des influenceurs\/ses du coin. <\/b>Parmi nos favoris, on te conseille de t\u2019abonner \u00e0 <a href=\"https:\/\/www.instagram.com\/schlagbourg_\/\" target=\"_blank\" rel=\"noopener nofollow\"><b>Schlagbourg<\/b><\/a>, qui te montrera \u00ab le meilleur du pire de Strasbourg \u00bb, ou encore les comptes <a href=\"https:\/\/www.instagram.com\/trashbourg\/\" target=\"_blank\" rel=\"noopener nofollow\"><strong>T<\/strong><b>rashbourg<\/b><\/a>, <a href=\"https:\/\/www.instagram.com\/memesvomelsass\/\" target=\"_blank\" rel=\"noopener nofollow\"><b>Memes vom Elsass<\/b><\/a> et\u00a0<a href=\"https:\/\/www.instagram.com\/memesdestrasbourg\/\" target=\"_blank\" rel=\"noopener nofollow\"><b>Memes de Strasbourg<\/b><\/a>. On t\u2019invite aussi \u00e0 voir du pays gr\u00e2ce au compte <a href=\"https:\/\/www.instagram.com\/basrhinaleatoire\/?hl=fr\" target=\"_blank\" rel=\"noopener nofollow\"><b>Bas-Rhin Al\u00e9atoire<\/b><\/a>, qui te plongera au c\u0153ur des 526 communes du 67.\u00a0<\/p>\n<p>Et si \u00e7a ne suffit pas, on a list\u00e9 <b>36 comptes juste ici :<\/b><\/p>\n<p>                <a href=\"https:\/\/pokaa.fr\/2024\/10\/02\/coups-de-coeur-sur-instagram-36-comptes-qui-font-strasbourg-et-lalsace\/\" rel=\"nofollow noopener\" target=\"_blank\"><br \/>\n                    <img width=\"450\" height=\"270\" src=\"https:\/\/www.europesays.com\/fr\/wp-content\/uploads\/2025\/09\/okkkk-450x270.png\" class=\"attachment-card-horizontal--same-subject size-card-horizontal--same-subject wp-post-image\" alt=\"\" decoding=\"async\" loading=\"lazy\"\/>                <\/a><\/p>\n<p>Les comptes TikTok<\/p>\n<p>Du c\u00f4t\u00e9 de TikTok, tu peux suivre <a href=\"https:\/\/www.tiktok.com\/@laroutineyt?lang=fr\" target=\"_blank\" rel=\"noopener nofollow\"><b>La Routine<\/b><\/a> et le <a href=\"https:\/\/www.tiktok.com\/@lestreetfoodist?lang=fr\" target=\"_blank\" rel=\"noopener nofollow\"><b>Streetfoodist<\/b><\/a> si tu es un(e) amateur\/rice de bonne bouffe. Il y a aussi <a href=\"https:\/\/www.tiktok.com\/@skarblown_anim?lang=fr\" target=\"_blank\" rel=\"noopener nofollow\"><b>Skarblown Anim<\/b><\/a>, pour te retourner le cerveau en noir et blanc, ainsi que <a href=\"https:\/\/www.tiktok.com\/@chachouxpumpkin\" target=\"_blank\" rel=\"noopener nofollow\"><b>Chachou<\/b><\/a> pour soigner ton arachnophobie. <\/p>\n<p>Sans oublier <a href=\"https:\/\/www.tiktok.com\/@famillepapounini\" target=\"_blank\" rel=\"noopener nofollow\"><b>la famille Papounini<\/b><\/a> pour voir \u00e0 quel point un fils peut rendre fou son p\u00e8re, le tout saupoudr\u00e9 d\u2019un d\u00e9licieux accent, la queen <a href=\"https:\/\/www.tiktok.com\/@kelly.cruz.67\" target=\"_blank\" rel=\"noopener nofollow\"><b>Kelly Cruz<\/b><\/a> pour apprendre \u00e0 poser du carrelage et <a href=\"https:\/\/www.tiktok.com\/@lunefulle?lang=fr\" target=\"_blank\" rel=\"noopener nofollow\"><b>Lune Fulle<\/b><\/a> et ses histoires en mer ou sur terre.<\/p>\n<p>    <img width=\"800\" height=\"600\" src=\"https:\/\/www.europesays.com\/fr\/wp-content\/uploads\/2025\/09\/img-1974-800x600.jpg\" class=\"attachment-image-size-L size-image-size-L\" alt=\"vue strasbourg cath\u00e9drale\" decoding=\"async\" loading=\"lazy\"  \/>         \u00a9 Nicolas Kaspar \/ Pokaa <\/p>\n<p>Pokaa et St\u00fcb, pour ne rien rater !<\/p>\n<p>Enfin, si tu veux te tenir au courant quotidiennement des bons plans et des actualit\u00e9s, tu peux toujours suivre <strong><a href=\"https:\/\/www.facebook.com\/pokaastras\" target=\"_blank\" rel=\"noopener nofollow\">Pokaa sur Facebook<\/a><\/strong>, sur <strong><a href=\"https:\/\/www.tiktok.com\/@pokaastubstrasbourg\" target=\"_blank\" rel=\"noopener nofollow\">TikTok<\/a><\/strong> et sur <strong><a href=\"https:\/\/www.instagram.com\/pokaa.fr\/\" target=\"_blank\" rel=\"noopener nofollow\">Instagram,<\/a><\/strong>\u00a0o\u00f9 tu auras acc\u00e8s \u00e0 <b>nos vid\u00e9os, au Point Info, \u00e0 des conseils pratiques et surtout \u00e0 l\u2019Agenda des sorties chaque semain<\/b><strong>e.<\/strong> \u00c0 la recherche d\u2019un bon restau ou d\u2019un bar ? Il suffit d\u2019aller voir nos bonnes adresses sur notre site web !\u00a0<\/p>\n<p>Pokaa a aussi son b\u00e9b\u00e9<b> 100% vid\u00e9o<\/b> : <a href=\"https:\/\/www.instagram.com\/stubstrasbourg\/\" target=\"_blank\" rel=\"noopener nofollow\"><b>St\u00fcb !<\/b><\/a> Tu y trouveras nos meilleures reco\u2019 <b>qui te feront aimer Strasbourg pour toujours. <\/b>On esp\u00e8re t\u2019y retrouver vite !<\/p>\n<p>                <a href=\"https:\/\/pokaa.fr\/2025\/08\/31\/pres-de-15000-guides-a-strasbourg-pokaa-sort-son-3e-papier-destine-aux-etudiantes\/\" rel=\"nofollow noopener\" target=\"_blank\"><br \/>\n                    <img width=\"450\" height=\"270\" src=\"https:\/\/www.europesays.com\/fr\/wp-content\/uploads\/2025\/09\/packshotetudiant3-33-450x270.png\" class=\"attachment-card-horizontal--same-subject size-card-horizontal--same-subject wp-post-image\" alt=\"\" decoding=\"async\" loading=\"lazy\"  \/>                <\/a><\/p>\n<p><script async src=\"\/\/www.instagram.com\/embed.js\"><\/script><script async src=\"\/\/www.tiktok.com\/embed.js\"><\/script><\/p>\n","protected":false},"excerpt":{"rendered":"Pour s\u2019int\u00e9grer compl\u00e8tement dans la vie strasbourgeoise et en conna\u00eetre toutes les r\u00e9f\u2019, rien de mieux que de&hellip;\n","protected":false},"author":2,"featured_media":389133,"comment_status":"","ping_status":"","sticky":false,"template":"","format":"standard","meta":{"footnotes":""},"categories":[2820],"tags":[1111,11,1777,674,1011,27,775,2440,12,25,938,13269,640,2439],"class_list":{"0":"post-389132","1":"post","2":"type-post","3":"status-publish","4":"format-standard","5":"has-post-thumbnail","7":"category-strasbourg","8":"tag-actu","9":"tag-actualites","10":"tag-eu","11":"tag-europe","12":"tag-fr","13":"tag-france","14":"tag-grand-est","15":"tag-instagram","16":"tag-news","17":"tag-republique-francaise","18":"tag-reseaux-sociaux","19":"tag-site","20":"tag-strasbourg","21":"tag-tiktok"},"share_on_mastodon":{"url":"https:\/\/pubeurope.com\/@fr\/115200016745357663","error":""},"_links":{"self":[{"href":"https:\/\/www.europesays.com\/fr\/wp-json\/wp\/v2\/posts\/389132","targetHints":{"allow":["GET"]}}],"collection":[{"href":"https:\/\/www.europesays.com\/fr\/wp-json\/wp\/v2\/posts"}],"about":[{"href":"https:\/\/www.europesays.com\/fr\/wp-json\/wp\/v2\/types\/post"}],"author":[{"embeddable":true,"href":"https:\/\/www.europesays.com\/fr\/wp-json\/wp\/v2\/users\/2"}],"replies":[{"embeddable":true,"href":"https:\/\/www.europesays.com\/fr\/wp-json\/wp\/v2\/comments?post=389132"}],"version-history":[{"count":0,"href":"https:\/\/www.europesays.com\/fr\/wp-json\/wp\/v2\/posts\/389132\/revisions"}],"wp:featuredmedia":[{"embeddable":true,"href":"https:\/\/www.europesays.com\/fr\/wp-json\/wp\/v2\/media\/389133"}],"wp:attachment":[{"href":"https:\/\/www.europesays.com\/fr\/wp-json\/wp\/v2\/media?parent=389132"}],"wp:term":[{"taxonomy":"category","embeddable":true,"href":"https:\/\/www.europesays.com\/fr\/wp-json\/wp\/v2\/categories?post=389132"},{"taxonomy":"post_tag","embeddable":true,"href":"https:\/\/www.europesays.com\/fr\/wp-json\/wp\/v2\/tags?post=389132"}],"curies":[{"name":"wp","href":"https:\/\/api.w.org\/{rel}","templated":true}]}}