{"id":389134,"date":"2025-09-14T01:18:22","date_gmt":"2025-09-14T01:18:22","guid":{"rendered":"https:\/\/www.europesays.com\/fr\/389134\/"},"modified":"2025-09-14T01:18:22","modified_gmt":"2025-09-14T01:18:22","slug":"columbus-ouvre-un-nouveau-cafe-a-nice-des-muffins-gratuits-on-connait-la-date","status":"publish","type":"post","link":"https:\/\/www.europesays.com\/fr\/389134\/","title":{"rendered":"Columbus ouvre un nouveau caf\u00e9 \u00e0 Nice, des muffins gratuits : on\u00a0conna\u00eet\u00a0la\u00a0date"},"content":{"rendered":"<p>            Par<br \/>\n        <strong><br \/>\n            <a href=\"https:\/\/actu.fr\/auteur\/fabien-binacchi\" title=\"Consulter tous les articles de Fabien Binacchi\" target=\"_blank\" rel=\"noopener\">Fabien Binacchi<\/a><br \/>\n        <\/strong><\/p>\n<p>        Publi\u00e9 le<\/p>\n<p>            11 sept. 2025 \u00e0 9h56        <\/p>\n<p>Comme vous le r\u00e9v\u00e9lait <a href=\"https:\/\/actu.fr\/nice\/\" target=\"_blank\" rel=\"noopener\">actu Nice<\/a> en exclusivit\u00e9 il y a quelques semaines, Colombus caf\u00e9 &amp; Co de Nice <a href=\"https:\/\/actu.fr\/provence-alpes-cote-d-azur\/nice_06088\/nice-cette-enseigne-tres-connue-pour-son-cafe-s-installe-dans-ce-lieu-strategique_62860506.html\" target=\"_blank\" rel=\"noopener\">renforce encore son implantation dans la capitale azur\u00e9enne<\/a> avec un quatri\u00e8me point de vente. Et l\u2019ouverture de ce nouveau spot, en plein centre-ville, est imminente, annonce la marque fran\u00e7aise. L\u2019enseigne, <strong>concurrente notamment de l\u2019Am\u00e9ricain Starbucks,<\/strong> fait \u00e9galement savoir qu\u2019une surprise gourmande sera r\u00e9serv\u00e9e aux tout premiers clients. Voici tous les d\u00e9tails \u00e0 savoir.<\/p>\n<p>D\u00e8s 7h, le 17\u00a0septembre<\/p>\n<p class=\" wall-content\">Le quatri\u00e8me Colombus caf\u00e9 &amp; Co de Nice, apr\u00e8s ceux de la Fnac, du Ray et de Jean-Jaur\u00e8s, investit un endroit strat\u00e9gique\u2009: <strong>le 66 de l\u2019avenue Jean-M\u00e9decin,<\/strong> en plein centre-ville, \u00e0 deux pas de la gare, face \u00e0 un arr\u00eat de tram et au complexe Iconic. Il remplace un ancien magasin de v\u00eatements, L&amp;L, dans cet immeuble en plein projet de restructuration.<\/p>\n<p class=\" wall-content\">Le magasin ouvrira ses portes le <strong>17\u00a0septembre<\/strong>, annonce l\u2019enseigne.<\/p>\n<p class=\" wall-content\">Et, pour l\u2019occasion, \u00ab\u2009des muffins frais, pr\u00e9par\u00e9s sur place, seront offerts <strong>aux 100 premiers clients<\/strong>\u2009\u00bb, pr\u00e9cise-t-elle. Il faudra mettre le r\u00e9veil\u2009: la boutique l\u00e8vera le rideau \u00e0 7h.<\/p>\n<p>Une franchis\u00e9e d\u00e9j\u00e0 \u00e0 la t\u00eate du corner de la Fnac<\/p>\n<p class=\" wall-content\">Aux commandes, Virginie Millereau, <strong>salari\u00e9e de la marque depuis 2006,<\/strong> n\u2019est pas une inconnue \u00e0 Nice. Elle a d\u00e9marr\u00e9 en tant que responsable du corner de la Fnac de l\u2019avenue Jean-M\u00e9decin avant de s\u2019occuper de la gestion de la succursale de Bordeaux, puis celle de Lyon. Finalement, en 2015, elle \u00e9tait revenue aux sources, dans le point de vente ni\u00e7ois.<\/p>\n<blockquote class=\"ac-article-quote wall-content\">\n<p>\u00ab\u00a0Sa pers\u00e9v\u00e9rance et sa motivation lui ont permis de reprendre ce dernier en septembre 2024, afin de continuer son aventure en tant que jeune entrepreneuse franchis\u00e9e.\u00a0\u00bb<\/p>\n<p>    <strong>La direction de Colombus caf\u00e9 &amp; Co<\/strong>\n            <\/p><\/blockquote>\n<p class=\" wall-content\">\u00ab\u2009Cela fait 20\u00a0ans que je suis fid\u00e8le \u00e0 Columbus Caf\u00e9. Nous avons toujours partag\u00e9 les m\u00eames valeurs de gourmandise, ainsi que <strong>le c\u00f4t\u00e9 familial et convivial<\/strong> des coffee shops de l\u2019enseigne\u2009\u00bb, indique Virginie Millereau dans un communiqu\u00e9.<\/p>\n<p>Votre r\u00e9gion, votre actu !<\/p>\n<p>Recevez chaque jour les infos qui comptent pour vous.<\/p>\n<p>\t<a href=\"https:\/\/actu.fr\/newsletter\" class=\"ac-btn ac-btn--corner ac-btn--medium ac-btn--blue800\" target=\"_blank\" rel=\"noopener\">S&rsquo;incrire<\/a><\/p>\n<p class=\" wall-content\">Le nouveau spot de la gare de Nice, d\u2019une superficie d\u2019environ 80 m\u00b2, sera ouvert tous les jours, <strong>du lundi au dimanche,<\/strong> d\u00e8s 7h du matin et jusqu\u2019\u00e0 19h.<\/p>\n<p class=\" wall-content\">Personnalisez votre actualit\u00e9 en ajoutant vos villes et m\u00e9dias en favori avec <a href=\"https:\/\/moncompte.actu.fr\" title=\"D\u00e9couvez Mon Actu\" rel=\"nofollow noopener\" data-trk=\"{&quot;cta&quot;:{&quot;action&quot;:&quot;https:\\\/\\\/moncompte.actu.fr&quot;,&quot;category&quot;:&quot;mon compte&quot;,&quot;from&quot;:&quot;article footer&quot;,&quot;name&quot;:&quot;Mon actu&quot;,&quot;type&quot;:&quot;cta&quot;}}\" target=\"_blank\">Mon Actu<\/a>.<\/p>\n","protected":false},"excerpt":{"rendered":"Par Fabien Binacchi Publi\u00e9 le 11 sept. 2025 \u00e0 9h56 Comme vous le r\u00e9v\u00e9lait actu Nice en exclusivit\u00e9&hellip;\n","protected":false},"author":2,"featured_media":389135,"comment_status":"","ping_status":"","sticky":false,"template":"","format":"standard","meta":{"footnotes":""},"categories":[2819],"tags":[1111,11,215,1777,674,1011,27,12,2401,3147,882,25,104],"class_list":{"0":"post-389134","1":"post","2":"type-post","3":"status-publish","4":"format-standard","5":"has-post-thumbnail","7":"category-nice","8":"tag-actu","9":"tag-actualites","10":"tag-commerce","11":"tag-eu","12":"tag-europe","13":"tag-fr","14":"tag-france","15":"tag-news","16":"tag-nice","17":"tag-nouveaux-commerces","18":"tag-provence-alpes-cote-dazur","19":"tag-republique-francaise","20":"tag-societe"},"share_on_mastodon":{"url":"https:\/\/pubeurope.com\/@fr\/115200019903076037","error":""},"_links":{"self":[{"href":"https:\/\/www.europesays.com\/fr\/wp-json\/wp\/v2\/posts\/389134","targetHints":{"allow":["GET"]}}],"collection":[{"href":"https:\/\/www.europesays.com\/fr\/wp-json\/wp\/v2\/posts"}],"about":[{"href":"https:\/\/www.europesays.com\/fr\/wp-json\/wp\/v2\/types\/post"}],"author":[{"embeddable":true,"href":"https:\/\/www.europesays.com\/fr\/wp-json\/wp\/v2\/users\/2"}],"replies":[{"embeddable":true,"href":"https:\/\/www.europesays.com\/fr\/wp-json\/wp\/v2\/comments?post=389134"}],"version-history":[{"count":0,"href":"https:\/\/www.europesays.com\/fr\/wp-json\/wp\/v2\/posts\/389134\/revisions"}],"wp:featuredmedia":[{"embeddable":true,"href":"https:\/\/www.europesays.com\/fr\/wp-json\/wp\/v2\/media\/389135"}],"wp:attachment":[{"href":"https:\/\/www.europesays.com\/fr\/wp-json\/wp\/v2\/media?parent=389134"}],"wp:term":[{"taxonomy":"category","embeddable":true,"href":"https:\/\/www.europesays.com\/fr\/wp-json\/wp\/v2\/categories?post=389134"},{"taxonomy":"post_tag","embeddable":true,"href":"https:\/\/www.europesays.com\/fr\/wp-json\/wp\/v2\/tags?post=389134"}],"curies":[{"name":"wp","href":"https:\/\/api.w.org\/{rel}","templated":true}]}}