{"id":389140,"date":"2025-09-14T01:22:21","date_gmt":"2025-09-14T01:22:21","guid":{"rendered":"https:\/\/www.europesays.com\/fr\/389140\/"},"modified":"2025-09-14T01:22:21","modified_gmt":"2025-09-14T01:22:21","slug":"gironde-et-dordogne-nos-idees-sorties-pour-ce-week-end-du-13-et-14-septembre","status":"publish","type":"post","link":"https:\/\/www.europesays.com\/fr\/389140\/","title":{"rendered":"Gironde et Dordogne : nos id\u00e9es sorties pour ce week-end du 13 et 14 septembre"},"content":{"rendered":"<p> <strong>Grande course de trottinette \u00e0 Bordeaux<\/strong><\/p>\n<p style=\"font-weight: 400;\">\u00c7a se passe ce samedi 13 septembre, \u00e0 Bordeaux, Placette de Munich \u00e0 partir de 9h30. Deux objectifs : aider la recherche contre les cancers p\u00e9diatriques et tenter de devenir la plus grande course de trottinette d\u2019Europe. Le rendez-vous s&rsquo;adresse aux enfants \u00e2g\u00e9s entre 6 et 12 ans qui s&rsquo;\u00e9lanceront sur les quais. Les inscriptions sont ouvertes pour les enfants entre 6 et 12 ans, sur le site la grandecoursedetrottinettes.fr.<\/p>\n<p style=\"font-weight: 400;\">Depuis 2013, ce sont pas moins de 200 000 euros qui ont \u00e9t\u00e9 revers\u00e9s \u00e0 la recherche gr\u00e2ce \u00e0 ces diff\u00e9rentes courses \u00e0 Bordeaux, mais aussi Toulouse, Passage d&rsquo;Agen, L\u00e9e et Bayonne.<\/p>\n<p style=\"font-weight: 400;\">\u00a0<\/p>\n<p><strong>Premi\u00e8re \u00e9dition de la F\u00eate du sport ce 14 septembre en Gironde et Dordogne<\/strong><\/p>\n<p style=\"font-weight: 400;\">On est nombreux \u00e0 avoir v\u00e9cu une parenth\u00e8se enchant\u00e9e avec les Jeux Olympiques et Paralympiques, il y a un an \u00e0 Paris. Ce dimanche 14 septembre aura lieu la premi\u00e8re \u00e9dition de la F\u00eate du sport propos\u00e9e par le Comit\u00e9 d\u00e9partemental olympique et sportif de Gironde \u00a0et qui s\u2019inscrit dans l\u2019h\u00e9ritage des jeux Paris 2024. Au programme : la d\u00e9monstration de plusieurs sports comme le tir \u00e0 l&rsquo;arc mais aussi pelote basque, roller et des sports adapt\u00e9s pour les personnes handicap\u00e9es. Le Comit\u00e9 d\u00e9partemental olympique et sportif de Dordogne sera aussi au rendez vous \u00e0 Sarlat, Bergerac, \u00e0 la base de loisirs La Jemaye mais aussi \u00e0 Boulazac et sur la foire de P\u00e9rigueux.<\/p>\n<p style=\"font-weight: 400;\">\u00a0<\/p>\n<p><strong>Une comp\u00e9tition de Para-Golf \u00e0 P\u00e9rigeux<\/strong><\/p>\n<p style=\"font-weight: 400;\"><strong>\u00a0<\/strong>C&rsquo;est le retour du Grand prix international Paragolf. Il s\u2019agit de la 5eme \u00e9dition qui se tiendra samedi et dimanche au Golf de P\u00e9rigueux. Une trentaine de para-golfeurs de haut niveau seront pr\u00e9sents.<\/p>\n<p style=\"font-weight: 400;\">\u00a0<\/p>\n<p><strong>Machine \u00e0 remonter le temps ce week-end \u00e0 Bouillac <\/strong><\/p>\n<p style=\"font-weight: 400;\">Avec les M\u00e9di\u00e9vales de Bouillac. Au programme de ces deux journ\u00e9es, des tournois de chevalerie, des spectacles de fauconnerie, le jardin du centre culturel deviendra un parc de jeux m\u00e9di\u00e9vaux. Plusieurs ateliers seront propos\u00e9s comme de la calligraphie et de la teinture v\u00e9g\u00e9tale. toute la programmation est \u00e0 retrouver sur le site des<a href=\"https:\/\/lesmedievalesdebouliac.com\" rel=\"noopener\" target=\"_blank\"> M\u00e9di\u00e9vales de Bouillac<\/a>.<\/p>\n<p style=\"font-weight: 400;\">\u00a0<\/p>\n<p><strong>Le cirque \u00e0 l&rsquo;honneur tout le week end en Gironde et Dordogne<\/strong><\/p>\n<p style=\"font-weight: 400;\">D\u2019abord \u00e0 la Teste-de-Buch, sur le bassin d&rsquo;Arcachon, avec la 8eme \u00e9dition du Festival Teste \u00e0 T\u00eate. Organis\u00e9 par le collectif Komono Circus, place \u00e0 trois jours de spectacles avec plusieurs compagnies \u00e0 la plaine des sports. Toutes les infos sont \u00e0 retrouver <a href=\"https:\/\/www.ecole-cirque.fr\/teste-a-tetes\" rel=\"noopener\" target=\"_blank\">ici<\/a>.<\/p>\n<p style=\"font-weight: 400;\">En Dordogne, c\u2019est Saint-Astier qui se met \u00e0 l\u2019heure du cirque pour ces deux jours avec des artistes de renom pour le festival de cirque Les Farfelus, au Petit Pr\u00e9. Au programme : voltige, humour et spectacle interactif. La programmation est \u00e0 retrouver<a href=\"https:\/\/www.dordogne-perigord-tourisme.fr\/offres\/festival-les-farfelus-saint-astier-fr-5139253\/\" rel=\"noopener\" target=\"_blank\"> ici<\/a>.<\/p>\n","protected":false},"excerpt":{"rendered":"Grande course de trottinette \u00e0 Bordeaux \u00c7a se passe ce samedi 13 septembre, \u00e0 Bordeaux, Placette de Munich&hellip;\n","protected":false},"author":2,"featured_media":389141,"comment_status":"","ping_status":"","sticky":false,"template":"","format":"standard","meta":{"footnotes":""},"categories":[2817],"tags":[1111,11,4763,52140,8371,1997,52142,14817,1777,674,1011,27,2905,52141,12,2219,16509,25,52144,52143,4064],"class_list":{"0":"post-389140","1":"post","2":"type-post","3":"status-publish","4":"format-standard","5":"has-post-thumbnail","7":"category-bordeaux","8":"tag-actu","9":"tag-actualites","10":"tag-agenda","11":"tag-agenda-sorties","12":"tag-bergerac","13":"tag-bordeaux","14":"tag-bouillac","15":"tag-dordogne","16":"tag-eu","17":"tag-europe","18":"tag-fr","19":"tag-france","20":"tag-gironde","21":"tag-la-teste-de-buch","22":"tag-news","23":"tag-nouvelle-aquitaine","24":"tag-perigueux","25":"tag-republique-francaise","26":"tag-sarlat","27":"tag-st-astier","28":"tag-week-end"},"share_on_mastodon":{"url":"https:\/\/pubeurope.com\/@fr\/115200035678374388","error":""},"_links":{"self":[{"href":"https:\/\/www.europesays.com\/fr\/wp-json\/wp\/v2\/posts\/389140","targetHints":{"allow":["GET"]}}],"collection":[{"href":"https:\/\/www.europesays.com\/fr\/wp-json\/wp\/v2\/posts"}],"about":[{"href":"https:\/\/www.europesays.com\/fr\/wp-json\/wp\/v2\/types\/post"}],"author":[{"embeddable":true,"href":"https:\/\/www.europesays.com\/fr\/wp-json\/wp\/v2\/users\/2"}],"replies":[{"embeddable":true,"href":"https:\/\/www.europesays.com\/fr\/wp-json\/wp\/v2\/comments?post=389140"}],"version-history":[{"count":0,"href":"https:\/\/www.europesays.com\/fr\/wp-json\/wp\/v2\/posts\/389140\/revisions"}],"wp:featuredmedia":[{"embeddable":true,"href":"https:\/\/www.europesays.com\/fr\/wp-json\/wp\/v2\/media\/389141"}],"wp:attachment":[{"href":"https:\/\/www.europesays.com\/fr\/wp-json\/wp\/v2\/media?parent=389140"}],"wp:term":[{"taxonomy":"category","embeddable":true,"href":"https:\/\/www.europesays.com\/fr\/wp-json\/wp\/v2\/categories?post=389140"},{"taxonomy":"post_tag","embeddable":true,"href":"https:\/\/www.europesays.com\/fr\/wp-json\/wp\/v2\/tags?post=389140"}],"curies":[{"name":"wp","href":"https:\/\/api.w.org\/{rel}","templated":true}]}}