{"id":389152,"date":"2025-09-14T01:30:14","date_gmt":"2025-09-14T01:30:14","guid":{"rendered":"https:\/\/www.europesays.com\/fr\/389152\/"},"modified":"2025-09-14T01:30:14","modified_gmt":"2025-09-14T01:30:14","slug":"trois-colleges-inaugures-dans-le-cadre-du-plan-colleges-neufs-2025","status":"publish","type":"post","link":"https:\/\/www.europesays.com\/fr\/389152\/","title":{"rendered":"trois coll\u00e8ges inaugur\u00e9s dans le cadre du plan \u00ab\u00a0Coll\u00e8ges neufs 2025\u00a0\u00bb"},"content":{"rendered":"<p itemprop=\"description\"><strong>Le D\u00e9partement du Rh\u00f4ne a annonc\u00e9 la finalisation de son plan \u00ab\u00a0Coll\u00e8ges neufs 2025\u00a0\u00bb, adopt\u00e9 en d\u00e9cembre 2021.<\/strong><\/p>\n<p>Deux nouveaux \u00e9tablissements et une r\u00e9habilitation ont \u00e9t\u00e9 livr\u00e9s pour cette rentr\u00e9e scolaire. \u00c0 Genas, le coll\u00e8ge Jean d\u2019Ormesson a \u00e9t\u00e9 construit pour un co\u00fbt de 28 M\u20ac (auxquels s\u2019ajoutent 4,2 M\u20ac pour la Maison du Rh\u00f4ne).<\/p>\n<p>\u00c0 Limas, un nouveau coll\u00e8ge Jacques Chirac voit le jour pour 24,5 M\u20ac, tandis que le coll\u00e8ge Maurice Utrillo a fait l\u2019objet d\u2019une r\u00e9habilitation estim\u00e9e \u00e0 17 M\u20ac.<\/p>\n<p><img loading=\"lazy\" decoding=\"async\" style=\"display: block; margin-left: auto; margin-right: auto;\" src=\"https:\/\/www.europesays.com\/fr\/wp-content\/uploads\/2025\/09\/jbo-3242-55917.jpeg\" alt=\"\" width=\"600\" height=\"401\"\/><\/p>\n<p>\u00ab\u00a073,5 M\u20ac : c\u2019est le montant global de ce plan &lsquo;Coll\u00e8ges neufs 2025&prime;\u00a0\u00bb, pr\u00e9cise le D\u00e9partement. Ces \u00e9tablissements ont \u00e9t\u00e9 con\u00e7us pour accueillir entre 500 et 600 \u00e9l\u00e8ves, avec des b\u00e2timents \u00ab\u00a0\u00e0 haute performance \u00e9nerg\u00e9tique int\u00e9gr\u00e9s dans leur environnement urbain, sans b\u00e2timent modulaire.\u00a0\u00bb<\/p>\n<p>Les travaux, engag\u00e9s en 2024, se sont achev\u00e9s au cours de l\u2019\u00e9t\u00e9 2025. Outre la construction et la r\u00e9novation des b\u00e2timents, le D\u00e9partement a accompagn\u00e9 ces livraisons d\u2019am\u00e9nagements routiers, de nouveaux cheminements pi\u00e9tons et cyclables, ainsi que d\u2019une adaptation du r\u00e9seau de transport en partenariat avec SYTRAL Mobilit\u00e9s.<\/p>\n","protected":false},"excerpt":{"rendered":"Le D\u00e9partement du Rh\u00f4ne a annonc\u00e9 la finalisation de son plan \u00ab\u00a0Coll\u00e8ges neufs 2025\u00a0\u00bb, adopt\u00e9 en d\u00e9cembre 2021.&hellip;\n","protected":false},"author":2,"featured_media":389153,"comment_status":"","ping_status":"","sticky":false,"template":"","format":"standard","meta":{"footnotes":""},"categories":[1889],"tags":[1111,11,2813,2190,2430,1109,251,1112,2811,1777,674,118,1011,27,1922,1110,1114,2428,2810,12,241,316,25,2812,517,800],"class_list":{"0":"post-389152","1":"post","2":"type-post","3":"status-publish","4":"format-standard","5":"has-post-thumbnail","7":"category-lyon","8":"tag-actu","9":"tag-actualites","10":"tag-article","11":"tag-asvel","12":"tag-auvergne-rhone-alpes","13":"tag-breves","14":"tag-culture","15":"tag-depeches","16":"tag-economique","17":"tag-eu","18":"tag-europe","19":"tag-faits-divers","20":"tag-fr","21":"tag-france","22":"tag-info","23":"tag-informations","24":"tag-infos","25":"tag-lyon","26":"tag-lyonmag","27":"tag-news","28":"tag-ol","29":"tag-politique","30":"tag-republique-francaise","31":"tag-sociale","32":"tag-sport","33":"tag-transports"},"share_on_mastodon":{"url":"https:\/\/pubeurope.com\/@fr\/115200067246253522","error":""},"_links":{"self":[{"href":"https:\/\/www.europesays.com\/fr\/wp-json\/wp\/v2\/posts\/389152","targetHints":{"allow":["GET"]}}],"collection":[{"href":"https:\/\/www.europesays.com\/fr\/wp-json\/wp\/v2\/posts"}],"about":[{"href":"https:\/\/www.europesays.com\/fr\/wp-json\/wp\/v2\/types\/post"}],"author":[{"embeddable":true,"href":"https:\/\/www.europesays.com\/fr\/wp-json\/wp\/v2\/users\/2"}],"replies":[{"embeddable":true,"href":"https:\/\/www.europesays.com\/fr\/wp-json\/wp\/v2\/comments?post=389152"}],"version-history":[{"count":0,"href":"https:\/\/www.europesays.com\/fr\/wp-json\/wp\/v2\/posts\/389152\/revisions"}],"wp:featuredmedia":[{"embeddable":true,"href":"https:\/\/www.europesays.com\/fr\/wp-json\/wp\/v2\/media\/389153"}],"wp:attachment":[{"href":"https:\/\/www.europesays.com\/fr\/wp-json\/wp\/v2\/media?parent=389152"}],"wp:term":[{"taxonomy":"category","embeddable":true,"href":"https:\/\/www.europesays.com\/fr\/wp-json\/wp\/v2\/categories?post=389152"},{"taxonomy":"post_tag","embeddable":true,"href":"https:\/\/www.europesays.com\/fr\/wp-json\/wp\/v2\/tags?post=389152"}],"curies":[{"name":"wp","href":"https:\/\/api.w.org\/{rel}","templated":true}]}}