{"id":389154,"date":"2025-09-14T01:31:15","date_gmt":"2025-09-14T01:31:15","guid":{"rendered":"https:\/\/www.europesays.com\/fr\/389154\/"},"modified":"2025-09-14T01:31:15","modified_gmt":"2025-09-14T01:31:15","slug":"un-jeune-de-19-ans-mis-en-examen-et-ecroue","status":"publish","type":"post","link":"https:\/\/www.europesays.com\/fr\/389154\/","title":{"rendered":"un jeune de 19 ans mis en examen et \u00e9crou\u00e9"},"content":{"rendered":"<p class=\"mb-4 text-lg md:leading-8 break-words\"><strong>FAITS DIVERS &#8211; Un jeune de 19 ans, qui s\u2019\u00e9tait rendu \u00e0 la police au lendemain de tirs mortels en plein Lyon, a \u00e9t\u00e9 mis en examen pour assassinat samedi et \u00e9crou\u00e9<\/strong><\/p>\n<p class=\"mb-4 text-lg md:leading-8 break-words\">Un jeune de 19 ans, qui s\u2019\u00e9tait rendu \u00e0 la police au lendemain de tirs mortels en plein Lyon, a \u00e9t\u00e9 mis en examen pour <a href=\"https:\/\/www.20minutes.fr\/dossier\/assassinat?at_medium=RSS%20feed&amp;at_campaign=ynews&amp;utm_source=yahoo&amp;utm_medium=rss&amp;utm_campaign=news_feed&amp;utm_content=in_article_link\" rel=\"nofollow noopener\" target=\"_blank\" data-ylk=\"slk:assassinat;elm:context_link;itc:0;sec:content-canvas\" class=\"link \">assassinat<\/a> samedi et \u00e9crou\u00e9, a indiqu\u00e9 \u00e0 l\u2019AFP un de ses avocats. Les tirs avaient touch\u00e9 un homme de 22 ans mercredi apr\u00e8s-midi dans le centre-ville de <a href=\"https:\/\/www.20minutes.fr\/lyon\/?at_medium=RSS%20feed&amp;at_campaign=ynews&amp;utm_source=yahoo&amp;utm_medium=rss&amp;utm_campaign=news_feed&amp;utm_content=in_article_link\" rel=\"nofollow noopener\" target=\"_blank\" data-ylk=\"slk:Lyon;elm:context_link;itc:0;sec:content-canvas\" class=\"link \">Lyon<\/a>, o\u00f9 \u00e9tait pourtant d\u00e9ploy\u00e9 un important dispositif policier pour encadrer le mouvement \u00ab\u00a0Bloquons tout\u00a0\u00bb.<\/p>\n<p>Il a \u00ab\u00a0agi seul, sans pr\u00e9m\u00e9ditation\u00a0\u00bb<\/p>\n<p class=\"mb-4 text-lg md:leading-8 break-words\">Hospitalis\u00e9e en arr\u00eat cardio-respiratoire, la victime \u00e9tait d\u00e9c\u00e9d\u00e9e dans la nuit. Le lendemain matin, le jeune homme s\u2019\u00e9tait pr\u00e9sent\u00e9 au commissariat de <a href=\"https:\/\/www.20minutes.fr\/dossier\/villeurbanne?at_medium=RSS%20feed&amp;at_campaign=ynews&amp;utm_source=yahoo&amp;utm_medium=rss&amp;utm_campaign=news_feed&amp;utm_content=in_article_link\" rel=\"nofollow noopener\" target=\"_blank\" data-ylk=\"slk:Villeurbanne;elm:context_link;itc:0;sec:content-canvas\" class=\"link \">Villeurbanne<\/a> et avait \u00e9t\u00e9 plac\u00e9 en <a href=\"https:\/\/www.20minutes.fr\/dossier\/garde_a_vue?at_medium=RSS%20feed&amp;at_campaign=ynews&amp;utm_source=yahoo&amp;utm_medium=rss&amp;utm_campaign=news_feed&amp;utm_content=in_article_link\" rel=\"nofollow noopener\" target=\"_blank\" data-ylk=\"slk:garde \u00e0 vue;elm:context_link;itc:0;sec:content-canvas\" class=\"link \">garde \u00e0 vue<\/a>. Samedi, il a \u00e9t\u00e9 pr\u00e9sent\u00e9 \u00e0 une juge d\u2019instruction qui l\u2019a mis en examen pour assassinat et \u00ab\u00a0d\u00e9tention et port d\u2019une arme\u00a0\u00bb interdite, a pr\u00e9cis\u00e9 son avocat Me Jean-Christophe Basson-Larbi.<\/p>\n<p>\u00ab\u00a0Notre client regrette son geste\u00a0\u00bb<\/p>\n<p class=\"mb-4 text-lg md:leading-8 break-words\">\u00ab\u00a0Notre client, qui reconna\u00eet sa responsabilit\u00e9, regrette son geste et les blessures mortelles occasionn\u00e9es \u00e0 la victime\u00a0\u00bb, soulignent dans un communiqu\u00e9 Me Basson-Larbi et son confr\u00e8re Me Joshua Kafil. Il a \u00ab\u00a0agi seul, sans pr\u00e9m\u00e9ditation et sans volont\u00e9 de donner la mort\u00a0\u00bb \u00e0 la victime qui \u00ab\u00a0avait fait de sa vie un v\u00e9ritable enfer\u00a0\u00bb depuis mai, affirment-ils.<\/p>\n<p class=\"mb-4 text-lg md:leading-8 break-words\">Selon eux, le d\u00e9funt avait accus\u00e9 \u00ab\u00a0\u00e0 tort\u00a0\u00bb leur client \u00ab\u00a0d\u2019un vol de scooter\u00a0\u00bb, le contraignant \u00ab\u00a0\u00e0 reconna\u00eetre qu\u2019il \u00e9tait son d\u00e9biteur et \u00e0 payer une dette imaginaire\u00a0\u00bb. Le jeune homme \u00ab\u00a0subissait la pression du d\u00e9funt et les menaces de tuer ses proches\u00a0\u00bb si la dette n\u2019\u00e9tait pas acq(&#8230;)<\/p>\n<p class=\"mb-4 text-lg md:leading-8 break-words\"><a href=\"https:\/\/www.20minutes.fr\/faits_divers\/4172937-20250913-homme-tue-balles-lyon-jeune-19-ans-mis-examen-ecroue?at_medium=RSS%20feed&amp;at_campaign=ynews&amp;utm_source=yahoo&amp;utm_medium=rss&amp;utm_campaign=news_feed&amp;utm_content=read_more_link&quot;\" rel=\"nofollow noopener\" target=\"_blank\" data-ylk=\"slk:Lire la suite sur 20minutes;elm:context_link;itc:0;sec:content-canvas\" class=\"link \">Lire la suite sur 20minutes<\/a><\/p>\n<p>\u00c0 lire aussi :<br \/><a href=\"https:\/\/www.20minutes.fr\/faits_divers\/4172608-20250911-lyon-jeune-19-ans-livre-police-apres-deces-homme-22-ans-balles?at_medium=RSS%20feed&amp;at_campaign=ynews&amp;utm_source=yahoo&amp;utm_medium=rss&amp;utm_campaign=news_feed&amp;utm_content=related_content_link\" rel=\"nofollow noopener\" target=\"_blank\" data-ylk=\"slk:Lyon\u00a0: Un jeune de 19 ans se livre \u00e0 la police apr\u00e8s le d\u00e9c\u00e8s d\u2019un homme de 22 ans par balles;elm:context_link;itc:0;sec:content-canvas\" class=\"link \">Lyon\u00a0: Un jeune de 19 ans se livre \u00e0 la police apr\u00e8s le d\u00e9c\u00e8s d\u2019un homme de 22 ans par balles<\/a><br \/><a href=\"https:\/\/www.20minutes.fr\/faits_divers\/4169120-20250822-normandie-decapitations-animaux-scarifications-pedopornographie-jeune-cybercriminel-mis-examen-ecroue?at_medium=RSS%20feed&amp;at_campaign=ynews&amp;utm_source=yahoo&amp;utm_medium=rss&amp;utm_campaign=news_feed&amp;utm_content=related_content_link\" rel=\"nofollow noopener\" target=\"_blank\" data-ylk=\"slk:Normandie\u00a0: D\u00e9capitations d\u2019animaux, scarifications, p\u00e9dopornographie\u2026 Un jeune cybercriminel mis en examen et \u00e9crou\u00e9;elm:context_link;itc:0;sec:content-canvas\" class=\"link \">Normandie\u00a0: D\u00e9capitations d\u2019animaux, scarifications, p\u00e9dopornographie\u2026 Un jeune cybercriminel mis en examen et \u00e9crou\u00e9<\/a><\/p>\n","protected":false},"excerpt":{"rendered":"FAITS DIVERS &#8211; Un jeune de 19 ans, qui s\u2019\u00e9tait rendu \u00e0 la police au lendemain de tirs&hellip;\n","protected":false},"author":2,"featured_media":389155,"comment_status":"","ping_status":"","sticky":false,"template":"","format":"standard","meta":{"footnotes":""},"categories":[1889],"tags":[1111,11,1764,2430,1777,674,1011,27,3371,2428,6081,12,25],"class_list":{"0":"post-389154","1":"post","2":"type-post","3":"status-publish","4":"format-standard","5":"has-post-thumbnail","7":"category-lyon","8":"tag-actu","9":"tag-actualites","10":"tag-ans","11":"tag-auvergne-rhone-alpes","12":"tag-eu","13":"tag-europe","14":"tag-fr","15":"tag-france","16":"tag-la-police","17":"tag-lyon","18":"tag-mis-en-examen","19":"tag-news","20":"tag-republique-francaise"},"share_on_mastodon":{"url":"https:\/\/pubeurope.com\/@fr\/115200070952119194","error":""},"_links":{"self":[{"href":"https:\/\/www.europesays.com\/fr\/wp-json\/wp\/v2\/posts\/389154","targetHints":{"allow":["GET"]}}],"collection":[{"href":"https:\/\/www.europesays.com\/fr\/wp-json\/wp\/v2\/posts"}],"about":[{"href":"https:\/\/www.europesays.com\/fr\/wp-json\/wp\/v2\/types\/post"}],"author":[{"embeddable":true,"href":"https:\/\/www.europesays.com\/fr\/wp-json\/wp\/v2\/users\/2"}],"replies":[{"embeddable":true,"href":"https:\/\/www.europesays.com\/fr\/wp-json\/wp\/v2\/comments?post=389154"}],"version-history":[{"count":0,"href":"https:\/\/www.europesays.com\/fr\/wp-json\/wp\/v2\/posts\/389154\/revisions"}],"wp:featuredmedia":[{"embeddable":true,"href":"https:\/\/www.europesays.com\/fr\/wp-json\/wp\/v2\/media\/389155"}],"wp:attachment":[{"href":"https:\/\/www.europesays.com\/fr\/wp-json\/wp\/v2\/media?parent=389154"}],"wp:term":[{"taxonomy":"category","embeddable":true,"href":"https:\/\/www.europesays.com\/fr\/wp-json\/wp\/v2\/categories?post=389154"},{"taxonomy":"post_tag","embeddable":true,"href":"https:\/\/www.europesays.com\/fr\/wp-json\/wp\/v2\/tags?post=389154"}],"curies":[{"name":"wp","href":"https:\/\/api.w.org\/{rel}","templated":true}]}}