{"id":389175,"date":"2025-09-14T01:44:14","date_gmt":"2025-09-14T01:44:14","guid":{"rendered":"https:\/\/www.europesays.com\/fr\/389175\/"},"modified":"2025-09-14T01:44:14","modified_gmt":"2025-09-14T01:44:14","slug":"lavenir-de-la-moldavie-dans-lue-menace-par-partis-dopposition-pro-russes-business-am","status":"publish","type":"post","link":"https:\/\/www.europesays.com\/fr\/389175\/","title":{"rendered":"L&rsquo;avenir de la Moldavie dans l&rsquo;UE menac\u00e9 par partis d&rsquo;opposition pro-russes &#8211; Business AM"},"content":{"rendered":"<p>                    <img decoding=\"async\" style=\"aspect-ratio:16\/9\" src=\"https:\/\/www.europesays.com\/fr\/wp-content\/uploads\/2025\/09\/Presidente-de-la-Republique-de-Moldavie.webp\" width=\"100%\" loading=\"eager\"\/><\/p>\n<p>                            <a href=\"https:\/\/fr.businessam.be\/author\/redactie\/\" class=\"author-thumbnail\" style=\"border: 2px inset #00000099;\" target=\"_blank\" rel=\"noopener\"><img loading=\"lazy\" decoding=\"async\" src=\"https:\/\/www.europesays.com\/fr\/wp-content\/uploads\/2025\/09\/1757814254_91_cropped-favicon-192x192.png\" width=\"80\" height=\"80\" alt=\"Business AM\"\/><\/a>\ue05bpar <a href=\"https:\/\/fr.businessam.be\/author\/redactie\/\" target=\"_blank\" rel=\"noopener\">Business AM<\/a><br \/>\ue010publi\u00e9 le samedi 13 septembre 2025 \u00e0 19:32 \u2022 <br \/>\ue00c2 min de lecture<\/p>\n<p>Principaux renseignements<\/p>\n<ul class=\"wp-block-list\">\n<li><strong>La Moldavie nourrit l\u2019espoir de rejoindre l\u2019Union europ\u00e9enne, mais elle affronte un d\u00e9fi de taille en raison de la popularit\u00e9 croissante des partis d\u2019opposition pro-russes.<\/strong><\/li>\n<li><strong>La pr\u00e9sidente Maia Sandu, qui a critiqu\u00e9 les actions de la Russie en Ukraine, souligne que la d\u00e9cision finale appartient aux \u00e9lecteurs moldaves.<\/strong><\/li>\n<li><strong>La situation politique en Moldavie reste tr\u00e8s instable alors que le pays se pr\u00e9pare \u00e0 ces \u00e9lections cruciales.<\/strong><\/li>\n<\/ul>\n<p>La Moldavie nourrit l\u2019espoir de rejoindre l\u2019Union europ\u00e9enne, mais elle affronte un d\u00e9fi de taille en raison de la popularit\u00e9 croissante des partis d\u2019opposition pro-russes. Le r\u00e9sultat des prochaines \u00e9lections g\u00e9n\u00e9rales d\u00e9terminera si la Moldavie poursuit son chemin vers l\u2019int\u00e9gration \u00e0 l\u2019UE.<\/p>\n<p>Retard<\/p>\n<p>La <a href=\"https:\/\/fr.businessam.be\/maia-sandu-re-election-moldova\/\" target=\"_blank\" rel=\"noopener\">pr\u00e9sidente Maia Sandu<\/a>, qui a critiqu\u00e9 les actions de la Russie en Ukraine, souligne que la d\u00e9cision revient en dernier ressort aux \u00e9lecteurs moldaves. Son parti, le PAS, qui d\u00e9tenait auparavant la majorit\u00e9 parlementaire, est d\u00e9sormais talonn\u00e9 par le Bloc patriotique pro-russe, selon de r\u00e9cents sondages.<\/p>\n<p>Si le PAS ne parvient pas \u00e0 obtenir suffisamment de si\u00e8ges, Sandu pourrait envisager de former des coalitions, \u00e9ventuellement avec Notre Parti, afin d\u2019emp\u00eacher un gouvernement pro-Kremlin de prendre le pouvoir. La situation politique en Moldavie reste tr\u00e8s fluctuante alors que le pays se pr\u00e9pare \u00e0 cette \u00e9lection cruciale. (fc)<\/p>\n","protected":false},"excerpt":{"rendered":"\ue05bpar Business AM\ue010publi\u00e9 le samedi 13 septembre 2025 \u00e0 19:32 \u2022 \ue00c2 min de lecture Principaux renseignements La&hellip;\n","protected":false},"author":2,"featured_media":389176,"comment_status":"","ping_status":"","sticky":false,"template":"","format":"standard","meta":{"footnotes":""},"categories":[1586],"tags":[11,1777,674,1779,1011,27,11095,12,25,52145,1778,364],"class_list":{"0":"post-389175","1":"post","2":"type-post","3":"status-publish","4":"format-standard","5":"has-post-thumbnail","7":"category-europe","8":"tag-actualites","9":"tag-eu","10":"tag-europe","11":"tag-european-union","12":"tag-fr","13":"tag-france","14":"tag-moldavie","15":"tag-news","16":"tag-republique-francaise","17":"tag-sandu","18":"tag-ue","19":"tag-union-europeenne"},"share_on_mastodon":{"url":"https:\/\/pubeurope.com\/@fr\/115200122783550146","error":""},"_links":{"self":[{"href":"https:\/\/www.europesays.com\/fr\/wp-json\/wp\/v2\/posts\/389175","targetHints":{"allow":["GET"]}}],"collection":[{"href":"https:\/\/www.europesays.com\/fr\/wp-json\/wp\/v2\/posts"}],"about":[{"href":"https:\/\/www.europesays.com\/fr\/wp-json\/wp\/v2\/types\/post"}],"author":[{"embeddable":true,"href":"https:\/\/www.europesays.com\/fr\/wp-json\/wp\/v2\/users\/2"}],"replies":[{"embeddable":true,"href":"https:\/\/www.europesays.com\/fr\/wp-json\/wp\/v2\/comments?post=389175"}],"version-history":[{"count":0,"href":"https:\/\/www.europesays.com\/fr\/wp-json\/wp\/v2\/posts\/389175\/revisions"}],"wp:featuredmedia":[{"embeddable":true,"href":"https:\/\/www.europesays.com\/fr\/wp-json\/wp\/v2\/media\/389176"}],"wp:attachment":[{"href":"https:\/\/www.europesays.com\/fr\/wp-json\/wp\/v2\/media?parent=389175"}],"wp:term":[{"taxonomy":"category","embeddable":true,"href":"https:\/\/www.europesays.com\/fr\/wp-json\/wp\/v2\/categories?post=389175"},{"taxonomy":"post_tag","embeddable":true,"href":"https:\/\/www.europesays.com\/fr\/wp-json\/wp\/v2\/tags?post=389175"}],"curies":[{"name":"wp","href":"https:\/\/api.w.org\/{rel}","templated":true}]}}