{"id":389179,"date":"2025-09-14T01:46:14","date_gmt":"2025-09-14T01:46:14","guid":{"rendered":"https:\/\/www.europesays.com\/fr\/389179\/"},"modified":"2025-09-14T01:46:14","modified_gmt":"2025-09-14T01:46:14","slug":"sebastien-lecornu-moins-populaire-que-francois-bayrou-a-son-arrivee-a-matignon-emmanuel-macron-au-plus-bas","status":"publish","type":"post","link":"https:\/\/www.europesays.com\/fr\/389179\/","title":{"rendered":"S\u00e9bastien Lecornu moins populaire que Fran\u00e7ois Bayrou \u00e0 son arriv\u00e9e \u00e0 Matignon, Emmanuel Macron au plus bas"},"content":{"rendered":"<p>Avec seulement 16% d\u2019opinions favorables (contre 40% d\u2019opinions d\u00e9favorables), le nouveau premier ministre est m\u00eame distanc\u00e9 par Gabriel Attal, Michel Barnier et \u00c9lisabeth Borne.<\/p>\n<p class=\"fig-paragraph\">Le nouveau premier ministre\u00a0<a href=\"http:\/\/www.lefigaro.fr\/politique\/guillaume-tabard-du-bon-usage-de-la-rupture-pour-sebastien-lecornu-20250912\" target=\"_blank\" data-fig-type=\"Article\" rel=\"noopener nofollow\" data-gtm-custom-categorie=\"navigation\" data-gtm-custom-action=\"crossclick\" data-gtm-custom-label=\"Contextuel\" data-gtm-event=\"customEventSPE\" data-fig-domain=\"LEFIGARO\">S\u00e9bastien Lecornu<\/a>\u00a0a d\u00e9marr\u00e9 moins bien que son pr\u00e9d\u00e9cesseur Fran\u00e7ois Bayrou dans l&rsquo;opinion \u00e0 son arriv\u00e9e \u00e0 Matignon, tandis qu&rsquo;Emmanuel Macron atteint son plus mauvais score depuis 2017, indique le barom\u00e8tre Ipsos\/BVA pour\u00a0<a href=\"https:\/\/www.latribune.fr\/la-tribune-dimanche\/politique\/barometre-exclusif-lecornu-a-seulement-16-d-opinions-favorables-macron-au-plus-bas-1032429.html\" target=\"_blank\" rel=\"noopener nofollow\" data-gtm-custom-categorie=\"navigation\" data-gtm-custom-action=\"crossclick\" data-gtm-custom-label=\"Contextuel\" data-gtm-event=\"customEventSPE\">La Tribune Dimanche<\/a> .<\/p>\n<p class=\"fig-paragraph\">Avec seulement 16% d&rsquo;opinions favorables (contre 40% d&rsquo;opinions d\u00e9favorables), le chef du gouvernement fait moins bien que son pr\u00e9d\u00e9cesseur Fran\u00e7ois Bayrou (20%) lors de sa nomination et il est m\u00eame nettement distanc\u00e9 par\u00a0<a href=\"http:\/\/www.lefigaro.fr\/politique\/gabriel-attal-envisage-de-proposer-la-legalisation-de-la-gpa-20250821\" target=\"_blank\" data-fig-type=\"Article\" rel=\"noopener nofollow\" data-gtm-custom-categorie=\"navigation\" data-gtm-custom-action=\"crossclick\" data-gtm-custom-label=\"Contextuel\" data-gtm-event=\"customEventSPE\" data-fig-domain=\"LEFIGARO\">Gabriel Attal<\/a>\u00a0(37%),\u00a0<a href=\"http:\/\/www.lefigaro.fr\/politique\/michel-barnier-a-port-marly-on-ne-sait-pas-travailler-ensemble-20250907\" target=\"_blank\" data-fig-type=\"Article\" rel=\"noopener nofollow\" data-gtm-custom-categorie=\"navigation\" data-gtm-custom-action=\"crossclick\" data-gtm-custom-label=\"Contextuel\" data-gtm-event=\"customEventSPE\" data-fig-domain=\"LEFIGARO\">Michel Barnier<\/a>\u00a0(34%) et\u00a0<a href=\"http:\/\/www.lefigaro.fr\/actualite-france\/dans-un-contexte-politique-instable-la-drole-de-rentree-d-elisabeth-borne-20250827\" target=\"_blank\" data-fig-type=\"Article\" rel=\"noopener nofollow\" data-gtm-custom-categorie=\"navigation\" data-gtm-custom-action=\"crossclick\" data-gtm-custom-label=\"Contextuel\" data-gtm-event=\"customEventSPE\" data-fig-domain=\"LEFIGARO\">\u00c9lisabeth Borne<\/a>\u00a0(27%). De plus, 60% des Fran\u00e7ais pensent qu&rsquo;il ne parviendra pas \u00e0 un compromis avec des partis de l&rsquo;opposition pour faire adopter le budget 2026.<\/p>\n<p>                                    <a class=\"fig-a11y-skip a11y-hidden\" href=\"#fig-a11y-skip-main-inarticle\"><br \/>\n        Passer la publicit\u00e9<br \/>\n    <\/a><\/p>\n<p>Chute vertigineuse d\u2019Emmanuel Macron dans son propre \u00e9lectorat<\/p>\n<p class=\"fig-paragraph\">Quant \u00e0\u00a0<a href=\"http:\/\/www.lefigaro.fr\/vox\/politique\/albert-zennou-sebastien-lecornu-et-emmanuel-macron-de-la-tentation-a-l-illusion-socialiste-20250912\" target=\"_blank\" data-fig-type=\"Article\" rel=\"noopener nofollow\" data-gtm-custom-categorie=\"navigation\" data-gtm-custom-action=\"crossclick\" data-gtm-custom-label=\"Contextuel\" data-gtm-event=\"customEventSPE\" data-fig-domain=\"LEFIGARO\">Emmanuel Macron<\/a>, il atteint dans ce barom\u00e8tre son plus bas historique depuis son arriv\u00e9e \u00e0 l&rsquo;\u00c9lys\u00e9e en 2017, avec seulement 17% d&rsquo;opinions favorables et une chute vertigineuse de 18 points dans son propre \u00e9lectorat.<\/p>\n<p class=\"fig-paragraph\">Parmi les personnalit\u00e9s dont les Fran\u00e7ais seraient satisfaits si elles arrivaient \u00e0 la pr\u00e9sidence du pays, le pr\u00e9sident du RN\u00a0<a href=\"http:\/\/www.lefigaro.fr\/politique\/pour-sa-derniere-seance-de-dedicaces-jordan-bardella-s-invite-sur-les-terres-de-bruno-retailleau-20250705\" target=\"_blank\" data-fig-type=\"Article\" rel=\"noopener nofollow\" data-gtm-custom-categorie=\"navigation\" data-gtm-custom-action=\"crossclick\" data-gtm-custom-label=\"Contextuel\" data-gtm-event=\"customEventSPE\" data-fig-domain=\"LEFIGARO\">Jordan Bardella<\/a>\u00a0arrive en t\u00eate (35%), devant la leader du parti\u00a0<a href=\"http:\/\/www.lefigaro.fr\/politique\/marine-le-pen-decidee-a-faire-vaciller-emmanuel-macron-et-le-bloc-central-20250910\" target=\"_blank\" data-fig-type=\"Article\" rel=\"noopener nofollow\" data-gtm-custom-categorie=\"navigation\" data-gtm-custom-action=\"crossclick\" data-gtm-custom-label=\"Contextuel\" data-gtm-event=\"customEventSPE\" data-fig-domain=\"LEFIGARO\">Marine Le Pen<\/a>\u00a0(32%), puis le ministre de l&rsquo;Int\u00e9rieur Bruno Retailleau (27%), qui devance l&rsquo;ancien premier ministre\u00a0<a href=\"http:\/\/www.lefigaro.fr\/politique\/d-accord-avec-le-constat-de-francois-bayrou-edouard-philippe-alerte-sur-le-noeud-coulant-de-la-dette-20250830\" target=\"_blank\" data-fig-type=\"NewsFlash\" rel=\"noopener nofollow\" data-gtm-custom-categorie=\"navigation\" data-gtm-custom-action=\"crossclick\" data-gtm-custom-label=\"Contextuel\" data-gtm-event=\"customEventSPE\" data-fig-domain=\"LEFIGARO\">Edouard Philippe<\/a>\u00a0(25%).\u00a0<a href=\"http:\/\/www.lefigaro.fr\/politique\/entre-raphael-glucksmann-et-jean-luc-melenchon-le-match-qui-vient-a-gauche-20250701\" target=\"_blank\" data-fig-type=\"Article\" rel=\"noopener nofollow\" data-gtm-custom-categorie=\"navigation\" data-gtm-custom-action=\"crossclick\" data-gtm-custom-label=\"Contextuel\" data-gtm-event=\"customEventSPE\" data-fig-domain=\"LEFIGARO\">Rapha\u00ebl Glucksmann<\/a>, la premi\u00e8re personnalit\u00e9 de gauche dans ce classement, n&rsquo;arrive qu&rsquo;en huiti\u00e8me position (18%).<\/p>\n<p class=\"fig-paragraph\">L&rsquo;enqu\u00eate a \u00e9t\u00e9 r\u00e9alis\u00e9e du 11 au 12 septembre par internet aupr\u00e8s d&rsquo;un \u00e9chantillon repr\u00e9sentatif de 1000 personnes selon la m\u00e9thode des quotas.<\/p>\n","protected":false},"excerpt":{"rendered":"Avec seulement 16% d\u2019opinions favorables (contre 40% d\u2019opinions d\u00e9favorables), le nouveau premier ministre est m\u00eame distanc\u00e9 par Gabriel&hellip;\n","protected":false},"author":2,"featured_media":389180,"comment_status":"","ping_status":"","sticky":false,"template":"","format":"standard","meta":{"footnotes":""},"categories":[2],"tags":[11,1073,1011,27,12,25,11067],"class_list":{"0":"post-389179","1":"post","2":"type-post","3":"status-publish","4":"format-standard","5":"has-post-thumbnail","7":"category-actualites","8":"tag-actualites","9":"tag-emmanuel-macron","10":"tag-fr","11":"tag-france","12":"tag-news","13":"tag-republique-francaise","14":"tag-sebastien-lecornu"},"share_on_mastodon":{"url":"https:\/\/pubeurope.com\/@fr\/115200130053612110","error":""},"_links":{"self":[{"href":"https:\/\/www.europesays.com\/fr\/wp-json\/wp\/v2\/posts\/389179","targetHints":{"allow":["GET"]}}],"collection":[{"href":"https:\/\/www.europesays.com\/fr\/wp-json\/wp\/v2\/posts"}],"about":[{"href":"https:\/\/www.europesays.com\/fr\/wp-json\/wp\/v2\/types\/post"}],"author":[{"embeddable":true,"href":"https:\/\/www.europesays.com\/fr\/wp-json\/wp\/v2\/users\/2"}],"replies":[{"embeddable":true,"href":"https:\/\/www.europesays.com\/fr\/wp-json\/wp\/v2\/comments?post=389179"}],"version-history":[{"count":0,"href":"https:\/\/www.europesays.com\/fr\/wp-json\/wp\/v2\/posts\/389179\/revisions"}],"wp:featuredmedia":[{"embeddable":true,"href":"https:\/\/www.europesays.com\/fr\/wp-json\/wp\/v2\/media\/389180"}],"wp:attachment":[{"href":"https:\/\/www.europesays.com\/fr\/wp-json\/wp\/v2\/media?parent=389179"}],"wp:term":[{"taxonomy":"category","embeddable":true,"href":"https:\/\/www.europesays.com\/fr\/wp-json\/wp\/v2\/categories?post=389179"},{"taxonomy":"post_tag","embeddable":true,"href":"https:\/\/www.europesays.com\/fr\/wp-json\/wp\/v2\/tags?post=389179"}],"curies":[{"name":"wp","href":"https:\/\/api.w.org\/{rel}","templated":true}]}}