{"id":389181,"date":"2025-09-14T01:47:25","date_gmt":"2025-09-14T01:47:25","guid":{"rendered":"https:\/\/www.europesays.com\/fr\/389181\/"},"modified":"2025-09-14T01:47:25","modified_gmt":"2025-09-14T01:47:25","slug":"la-france-vient-de-changer-de-division","status":"publish","type":"post","link":"https:\/\/www.europesays.com\/fr\/389181\/","title":{"rendered":"\u00ab La France vient de changer de division\u202f\u00bb"},"content":{"rendered":"<p><strong>THIERRY BRETON \u2014\u00a0<\/strong>Cette d\u00e9gradation n&rsquo;est pas une surprise en tant que telle, au regard de notre situation. Avant cette d\u00e9cision, la derni\u00e8re adjudication des obligations assimilables du Tr\u00e9sor (OAT) fran\u00e7aises \u00e0\u00a010 ans s&rsquo;est d\u00e9j\u00e0 effectu\u00e9e \u00e0 un taux correspondant \u00e0 3,47 %. Donc sup\u00e9rieur \u00e0 celui de la <a href=\"https:\/\/www.latribune.fr\/la-tribune-dimanche\/politique\/francois-baroin-maire-de-troyes-et-jean-michel-blanquer-ancien-ministre-de-l-education-la-france-n-est-pas-dans-la-situation-de-la-grece-1031632.html\" rel=\"nofollow noopener\" target=\"_blank\">Gr\u00e8ce<\/a>, de l&rsquo;<a href=\"https:\/\/www.latribune.fr\/economie\/international\/depenses-de-defense-l-otan-s-accorde-sur-un-seuil-a-5-du-pib-avec-l-espagne-1027956.html\" rel=\"nofollow noopener\" target=\"_blank\">Espagne<\/a> ou du <a href=\"https:\/\/www.latribune.fr\/la-tribune-dimanche\/dans-le-monde\/au-portugal-un-projet-minier-qui-laissera-l-equivalent-d-un-immeuble-de-8-etages-de-dechets-toxiques-fait-polemique-1031138.html\" rel=\"nofollow noopener\" target=\"_blank\">Portugal<\/a>. Et nettement plus \u00e9lev\u00e9 que pour un pays traditionnellement not\u00e9 AA- par Fitch. C&rsquo;est bien la d\u00e9monstration que les march\u00e9s avaient en effet d\u00e9j\u00e0 int\u00e9gr\u00e9 la d\u00e9t\u00e9rioration de la qualit\u00e9 du cr\u00e9dit fran\u00e7ais, cons\u00e9quence de notre incapacit\u00e9 \u00e0 redresser la barre en mati\u00e8re de finances publiques. Les investisseurs jugent en temps r\u00e9el. Sans attendre le verdict des agences. La France vient de changer de division. L&rsquo;inqui\u00e9tant, c&rsquo;est que nous payons de plus en plus cher le financement de nos d\u00e9ficits et le refinancement de notre dette. Lequel, d\u00e9sormais premier poste budg\u00e9taire de la nation, est en route vers les 100 milliards d&rsquo;euros.<\/p>\n","protected":false},"excerpt":{"rendered":"THIERRY BRETON \u2014\u00a0Cette d\u00e9gradation n&rsquo;est pas une surprise en tant que telle, au regard de notre situation. Avant&hellip;\n","protected":false},"author":2,"featured_media":389182,"comment_status":"","ping_status":"","sticky":false,"template":"","format":"standard","meta":{"footnotes":""},"categories":[4],"tags":[17,11,6978,5460,34558,1011,27,3102,12,377,25,3356,5993],"class_list":{"0":"post-389181","1":"post","2":"type-post","3":"status-publish","4":"format-standard","5":"has-post-thumbnail","7":"category-france","8":"tag-17","9":"tag-actualites","10":"tag-breton","11":"tag-degradation","12":"tag-fitch","13":"tag-fr","14":"tag-france","15":"tag-la-tribune-dimanche","16":"tag-news","17":"tag-note","18":"tag-republique-francaise","19":"tag-sur","20":"tag-thierry"},"share_on_mastodon":{"url":"https:\/\/pubeurope.com\/@fr\/115200133894494843","error":""},"_links":{"self":[{"href":"https:\/\/www.europesays.com\/fr\/wp-json\/wp\/v2\/posts\/389181","targetHints":{"allow":["GET"]}}],"collection":[{"href":"https:\/\/www.europesays.com\/fr\/wp-json\/wp\/v2\/posts"}],"about":[{"href":"https:\/\/www.europesays.com\/fr\/wp-json\/wp\/v2\/types\/post"}],"author":[{"embeddable":true,"href":"https:\/\/www.europesays.com\/fr\/wp-json\/wp\/v2\/users\/2"}],"replies":[{"embeddable":true,"href":"https:\/\/www.europesays.com\/fr\/wp-json\/wp\/v2\/comments?post=389181"}],"version-history":[{"count":0,"href":"https:\/\/www.europesays.com\/fr\/wp-json\/wp\/v2\/posts\/389181\/revisions"}],"wp:featuredmedia":[{"embeddable":true,"href":"https:\/\/www.europesays.com\/fr\/wp-json\/wp\/v2\/media\/389182"}],"wp:attachment":[{"href":"https:\/\/www.europesays.com\/fr\/wp-json\/wp\/v2\/media?parent=389181"}],"wp:term":[{"taxonomy":"category","embeddable":true,"href":"https:\/\/www.europesays.com\/fr\/wp-json\/wp\/v2\/categories?post=389181"},{"taxonomy":"post_tag","embeddable":true,"href":"https:\/\/www.europesays.com\/fr\/wp-json\/wp\/v2\/tags?post=389181"}],"curies":[{"name":"wp","href":"https:\/\/api.w.org\/{rel}","templated":true}]}}