{"id":389190,"date":"2025-09-14T01:55:12","date_gmt":"2025-09-14T01:55:12","guid":{"rendered":"https:\/\/www.europesays.com\/fr\/389190\/"},"modified":"2025-09-14T01:55:12","modified_gmt":"2025-09-14T01:55:12","slug":"vuelta-tour-despagne-la-21e-etape-a-madrid-un-sprint-et-le-sacre-de-vingegaard","status":"publish","type":"post","link":"https:\/\/www.europesays.com\/fr\/389190\/","title":{"rendered":"Vuelta. Tour d&rsquo;Espagne &#8211; La 21e \u00e9tape \u00e0 Madrid&#8230; un sprint et le sacre de Vingegaard ?"},"content":{"rendered":"<p>Voil\u00e0, apr\u00e8s trois semaines intenses, <a href=\"https:\/\/www.cyclismactu.net\/..\/news-vuelta-route-tour-d-espagne-jonas-vingegaard-20e-etape-danois-a-plie-vuelta-90127.html\" target=\"_blank\" rel=\"noopener\"><strong>La Vuelta<\/strong><\/a>, dernier Grand Tour de la saison, va prendre fin. Et comme tous les ans depuis 2022, le Tour d&rsquo;Espagne va se conclure \u00e0 Madrid. Cette fois-ci ce n&rsquo;est pas un contre-la-montre que les coureurs vont devoir parcourir, mais une \u00e9tape de plaine de 111 kilom\u00e8tres promises aux sprinteurs.<\/p>\n<p>Vid\u00e9o &#8211; Jonas Vingegaard va remporter sa 1\u00e8re Vuelta ce dimanche Lire la suite de l&rsquo;article&#13;<\/p>\n<p>\u00a0<\/p>\n<p>&#13;<br \/>\nQui pour battre Philipsen ?&#13;<\/p>\n<p>Avant la c\u00e9r\u00e9monie protocolaire, qui devrait voir<strong> Jonas Vingegaard<\/strong> (Visma | Lease a Bike) \u00eatre titr\u00e9 et remport\u00e9 son troisi\u00e8me Grand Tour en carri\u00e8re (apr\u00e8s les Tour de France 2022 et 2023), une bataille acharn\u00e9e s&rsquo;annonce entre les hommes les plus rapides du peloton. D\u00e9j\u00e0 vainqueur de trois \u00e9tapes, <strong>Jasper Philipsen<\/strong> (Alpecin-Deceuninck) fait figure d&rsquo;immense favori. Mais beaucoup auront pour objectif de battre le Belge, dont <strong>Mads Pedersen<\/strong> (Lidl-Trek),<strong> Ethan Vernon<\/strong> (Israel-Premier Tech), <strong>Orluis Aular <\/strong>(Movistar),<strong> Ben Turner<\/strong> (INEOS Grenadiers)&#8230;<\/p>\n<p>&#13;<\/p>\n<p>\u00a0<\/p>\n<p>&#13;<br \/>\nLe parcours de la 21e \u00e9tape&#13;<\/p>\n<p>&#8211; Dimanche 14 septembre \u2013\u00a0<strong>\u00c9tape 21<\/strong>\u00a0: Alalpardo &#8211; Madrid \/ 111,6 km &#8211;\u00a0836m D+<\/p>\n<p>&#13;<\/p>\n<p><img decoding=\"async\" src=\"https:\/\/www.europesays.com\/fr\/wp-content\/uploads\/2025\/09\/vuelta21.jpg\" style=\"max-width:100%;max-height:100%;\" alt=\"image\" loading=\"lazy\"\/><\/p>\n<p>&#13;<\/p>\n<p>\u00a0<\/p>\n<p>&#13;<br \/>\nTour d&rsquo;Espagne &#8211; Classement g\u00e9n\u00e9ral provisoire apr\u00e8s la 20\u00e8 \u00e9tape<\/p>\n","protected":false},"excerpt":{"rendered":"Voil\u00e0, apr\u00e8s trois semaines intenses, La Vuelta, dernier Grand Tour de la saison, va prendre fin. Et comme&hellip;\n","protected":false},"author":2,"featured_media":389191,"comment_status":"","ping_status":"","sticky":false,"template":"","format":"standard","meta":{"footnotes":""},"categories":[1411],"tags":[1154,207,1011,27,209,60,3318,208],"class_list":{"0":"post-389190","1":"post","2":"type-post","3":"status-publish","4":"format-standard","5":"has-post-thumbnail","7":"category-cyclisme","8":"tag-cycling","9":"tag-cyclisme","10":"tag-fr","11":"tag-france","12":"tag-route","13":"tag-sports","14":"tag-tour-d","15":"tag-velo"},"share_on_mastodon":{"url":"https:\/\/pubeurope.com\/@fr\/115200165937258359","error":""},"_links":{"self":[{"href":"https:\/\/www.europesays.com\/fr\/wp-json\/wp\/v2\/posts\/389190","targetHints":{"allow":["GET"]}}],"collection":[{"href":"https:\/\/www.europesays.com\/fr\/wp-json\/wp\/v2\/posts"}],"about":[{"href":"https:\/\/www.europesays.com\/fr\/wp-json\/wp\/v2\/types\/post"}],"author":[{"embeddable":true,"href":"https:\/\/www.europesays.com\/fr\/wp-json\/wp\/v2\/users\/2"}],"replies":[{"embeddable":true,"href":"https:\/\/www.europesays.com\/fr\/wp-json\/wp\/v2\/comments?post=389190"}],"version-history":[{"count":0,"href":"https:\/\/www.europesays.com\/fr\/wp-json\/wp\/v2\/posts\/389190\/revisions"}],"wp:featuredmedia":[{"embeddable":true,"href":"https:\/\/www.europesays.com\/fr\/wp-json\/wp\/v2\/media\/389191"}],"wp:attachment":[{"href":"https:\/\/www.europesays.com\/fr\/wp-json\/wp\/v2\/media?parent=389190"}],"wp:term":[{"taxonomy":"category","embeddable":true,"href":"https:\/\/www.europesays.com\/fr\/wp-json\/wp\/v2\/categories?post=389190"},{"taxonomy":"post_tag","embeddable":true,"href":"https:\/\/www.europesays.com\/fr\/wp-json\/wp\/v2\/tags?post=389190"}],"curies":[{"name":"wp","href":"https:\/\/api.w.org\/{rel}","templated":true}]}}