{"id":389196,"date":"2025-09-14T01:58:34","date_gmt":"2025-09-14T01:58:34","guid":{"rendered":"https:\/\/www.europesays.com\/fr\/389196\/"},"modified":"2025-09-14T01:58:34","modified_gmt":"2025-09-14T01:58:34","slug":"a-bruxelles-une-stupefiante-vision-de-la-fin-du-monde-par-alfredo-jaar","status":"publish","type":"post","link":"https:\/\/www.europesays.com\/fr\/389196\/","title":{"rendered":"\u00c0 Bruxelles, une stup\u00e9fiante vision de la fin du monde par Alfredo Jaar"},"content":{"rendered":"<p class=\"editor-content__paragraph\">Il y a travaill\u00e9 cinq ans. Investi du temps, de l\u2019argent, de la sueur et une \u00e9nergie extraordinaire pour trouver chacun des <strong>dix mat\u00e9riaux<\/strong> de la <strong>sculpture finale<\/strong>. Pourtant celle-ci est minuscule, et prend la forme d\u2019<strong>un cube de quatre centim\u00e8tres de hauteur<\/strong>\u2026<\/p>\n<p class=\"editor-content__paragraph\">Expos\u00e9e \u2013 seule, absolument seule \u2013 sur un socle au beau milieu des 1\u00a0000\u00a0m\u00e8tres carr\u00e9s de la gigantesque<strong> galerie Val\u00e9rie Bach \u00e0 Bruxelles<\/strong> (une ancienne patinoire), <strong>La Fin du monde d\u2019Alfredo Jaar<\/strong> (n\u00e9 en 1956) est probablement l\u2019\u0153uvre la plus impressionnante que vous verrez ces temps-ci dans la capitale belge.<\/p>\n<p>        \u00c0 lire aussi :<br \/>\n        <a class=\"renvoi-explicite__link\" href=\"https:\/\/www.beauxarts.com\/grand-format\/quelle-oeuvre-dart-est-la-plus-petite-au-monde\/\" target=\"_blank\" rel=\"noopener\">Quelle \u0153uvre d\u2019art est la plus petite au monde ?<\/a><\/p>\n<p>Les dix min\u00e9raux les plus recherch\u00e9s au monde<\/p>\n<p>    <img loading=\"lazy\" decoding=\"async\" class=\"image__img\" src=\"https:\/\/www.europesays.com\/fr\/wp-content\/uploads\/2025\/09\/webvernissage-alfredo-jaar-la-fin-du-monde-la-patinoire-royale-bach-bruxelles-2025-1-c-la-patinoire-.jpeg\" alt=\"Vernissage de l\u2019exposition \u00ab\u00a0Alfredo Jaar, La Fin du monde\u00a0\u00bb \u00e0 la Patinoire Royale Bach \u00e0 Bruxelles\" width=\"964\" height=\"1285\"\/><\/p>\n<p>Vernissage de l\u2019exposition \u00ab\u00a0Alfredo Jaar, La Fin du monde\u00a0\u00bb \u00e0 la Patinoire Royale Bach \u00e0 Bruxelles<\/p>\n<p>    i<\/p>\n<p class=\"legende__cartel\">\u00a9 La Patinoire Royale Bach<\/p>\n<p class=\"editor-content__paragraph\">Pour nous en expliquer la gen\u00e8se, Alfredo Jaar nous re\u00e7oit dans le bureau de la galerie, et nous promet une <strong>pr\u00e9sentation de dix minutes top chrono<\/strong>, aid\u00e9 d\u2019un PowerPoint. Calme, concentr\u00e9, il se lance dans une sorte de <strong>mini-conf\u00e9rence<\/strong>, illustr\u00e9e d\u2019articles de presse et d\u2019archives vari\u00e9es, autour des <strong>dix min\u00e9raux les plus pr\u00e9cieux<\/strong> au monde\u00a0: <strong>le cobalt, les terres rares, le cuivre, l\u2019\u00e9tain<\/strong>, le nickel, le lithium, le mangan\u00e8se, le coltan, le germanium et le platine. Tous sont <strong>primordiaux pour l\u2019\u00e9conomie mondiale<\/strong> car utilis\u00e9s dans la fabrication des ordinateurs,  smartphones et autres voitures \u00e9lectriques.<\/p>\n<p class=\"editor-content__paragraph\">Rapidement, l\u2019artiste chilien dresse un constat\u00a0: ces min\u00e9raux sont <strong>au c\u0153ur d\u2019\u00e9changes extraordinairement complexes<\/strong> qui concernent tous les pays du monde et affolent particuli\u00e8rement les grandes puissances (Chine, \u00c9tats-Unis, Europe). Leur exploitation a entra\u00een\u00e9 et entra\u00eenera des <strong>d\u00e9sastres \u00e9cologiques<\/strong> comme <strong>des guerres<\/strong>, commerciales et militaires, et a d\u00e9j\u00e0 largement commenc\u00e9 \u00e0 <strong>bouleverser l\u2019ordre mondial<\/strong> (dans diff\u00e9rents pays d\u2019Afrique, en Ukraine, au Groenland\u2026). Bref, ils sont \u00e0 la source de l\u2019 \u00ab\u00a0\u00e9tat lamentable de notre plan\u00e8te\u00a0\u00bb.<\/p>\n<p>Une sculpture comme une claque<\/p>\n<blockquote class=\"editor-content__blockquote editor-content__blockquote--align-left\">\n<p>Dans l\u2019espace immense de la galerie, cette toute petite chose appara\u00eet ainsi pour ce qu\u2019elle est\u00a0: un concentr\u00e9 de ce qui provoquera notre ruine.<\/p>\n<\/blockquote>\n<p class=\"editor-content__paragraph\">Ce sont donc eux, ces min\u00e9raux, que l\u2019on retrouve, <strong> en fines couches, empil\u00e9s<\/strong> au sein du petit cube de quatre centim\u00e8tres de hauteur. Apr\u00e8s la pr\u00e9sentation (le public peut quant \u00e0 lui assister \u00e0 une <strong>vid\u00e9o introductive<\/strong>, juste avant d\u2019entrer dans la pi\u00e8ce principale de la galerie et qui reprend les m\u00eames \u00e9l\u00e9ments), nous arrivons devant la sculpture, <strong>hant\u00e9s par ces informations<\/strong>. Le format m\u00eame de l\u2019introduction, concise et synth\u00e9tique, r\u00e9sumant en quelques minutes un ph\u00e9nom\u00e8ne capital dans <strong>l\u2019histoire du monde n\u00e9olib\u00e9ral<\/strong>, donne l\u2019impression d\u2019un shoot d\u2019alcool fort, qui <strong>ouvre l\u2019esprit et d\u00e9stabilise<\/strong> comme une claque.<\/p>\n<p class=\"editor-content__paragraph\">Dans l\u2019espace immense de la galerie, cette toute petite chose appara\u00eet ainsi pour ce qu\u2019elle est\u00a0: un<strong> concentr\u00e9 de ce qui provoquera notre ruine<\/strong> (c\u2019est du moins ce dont on est persuad\u00e9 apr\u00e8s le constat de l\u2019artiste, qui a travaill\u00e9 pour l\u2019occasion avec un g\u00e9ologue politique, Adam Bobette). \u00ab\u00a0Journaliste frustr\u00e9\u00a0\u00bb, comme il le dit lui-m\u00eame, Alfredo Jaar a voulu cr\u00e9er <strong>une \u0153uvre qui informe, r\u00e9veille<\/strong>. Architecte de formation, il explique ne pas pouvoir concevoir une \u0153uvre en dehors de <strong>son contexte de production<\/strong>, ancr\u00e9e de tout son poids (soit <strong>quatorze kilos<\/strong>, tout de m\u00eame\u00a0!) dans le monde dans lequel elle surgit.<\/p>\n<p>    <img loading=\"lazy\" decoding=\"async\" class=\"image__img\" src=\"https:\/\/www.europesays.com\/fr\/wp-content\/uploads\/2025\/09\/une25_graysc_patinoire_jaar_firstcapture-1-964x723.jpg\" alt=\"Alfredo Jaar, La Fin du monde\" width=\"964\" height=\"723\"\/><\/p>\n<p>Alfredo Jaar, La Fin du monde, 2023\u20132024<\/p>\n<p>    i<\/p>\n<p class=\"legende__cartel\">Cobalt, terres rares (n\u00e9odyme), cuivre, \u00e9tain, nickel, lithium, mangan\u00e8se, coltan (niobium), germanium (argentium), platine \u2022 \u00a9 La Patinoire Royale Bach<\/p>\n<p class=\"editor-content__paragraph\">Quant au choix de pr\u00e9senter une \u0153uvre minuscule dans un<strong> espace d\u00e9mesur\u00e9 \u00e9clair\u00e9 d\u2019un rouge puissant<\/strong> (il l\u2019avait d\u00e9j\u00e0 fait \u00e0 Berlin en 2024), il d\u00e9taille\u00a0: \u00ab\u00a0J\u2019ai d\u00e9cid\u00e9 de ne pas accepter la tyrannie de cet espace, de ce vaste volume, et de prendre une <strong>position de contradiction<\/strong>. J\u2019ai choisi de montrer l\u2019objet le plus petit possible, en esp\u00e9rant que le vide allait donner du poids \u00e0 cet objet, lui<strong> rendre sa gravit\u00e9<\/strong>. Le vide, le silence, la lumi\u00e8re rouge\u2026 Pourquoi le rouge\u00a0? Le rouge est la couleur de la vie, du sang. C\u2019est la <strong>couleur de l\u2019amour<\/strong>, mais aussi d\u2019un<strong> signal d\u2019alarme<\/strong>, du panneau \u2018stop\u2019 \u2013 l\u2019amour que nous devrions avoir pour la plan\u00e8te, et l\u2019injonction d\u2019arr\u00eater de la meurtrir par notre comportement.\u00a0\u00bb<\/p>\n<p class=\"editor-content__paragraph\">Le contraste est <strong>ph\u00e9nom\u00e9nal<\/strong>, et donne \u00e0 l\u2019\u0153uvre <strong>une puissance<\/strong> que l\u2019on n\u2019est pas pr\u00e8s d\u2019oublier.<\/p>\n<p>        \u00c0 lire aussi :<br \/>\n        <a class=\"renvoi-explicite__link\" href=\"https:\/\/www.beauxarts.com\/expos\/au-wiels-de-bruxelles-la-planete-brule-et-les-imaginaires-sembrasent\/\" target=\"_blank\" rel=\"noopener\">Au Wiels de Bruxelles, la plan\u00e8te br\u00fble et les imaginaires s\u2019embrasent<\/a><\/p>\n<p>  Arrow<\/p>\n<p>Alfredo Jaar. La fin du monde<\/p>\n<p>Du 4 septembre 2025 au 23 d\u00e9cembre 2025<\/p>\n<p class=\"url-expo\"><a href=\"https:\/\/prvbgallery.com\/fr\/exhibitions\/72-la-fin-du-monde-alfredo-jaar\/\" target=\"_blank\" rel=\"noopener\">prvbgallery.com<\/a><\/p>\n<p class=\"annexe-content__infos\">La Patinoire Royale\/Galerie Val\u00e9rie Bach \u2022 15 Rue Veydt \u2022 1060 Bruxelles<br \/><a href=\"https:\/\/www.prvbgallery.com\/\" target=\"_blank\" rel=\"noopener\">www.prvbgallery.com<\/a><\/p>\n","protected":false},"excerpt":{"rendered":"Il y a travaill\u00e9 cinq ans. Investi du temps, de l\u2019argent, de la sueur et une \u00e9nergie extraordinaire&hellip;\n","protected":false},"author":2,"featured_media":389197,"comment_status":"","ping_status":"","sticky":false,"template":"","format":"standard","meta":{"footnotes":""},"categories":[1358],"tags":[1396,1348,1384,1385,828,1386,58,59,1011,27,52150,3899],"class_list":{"0":"post-389196","1":"post","2":"type-post","3":"status-publish","4":"format-standard","5":"has-post-thumbnail","7":"category-arts-et-design","8":"tag-art-contemporain","9":"tag-arts","10":"tag-arts-and-design","11":"tag-arts-et-design","12":"tag-belgique","13":"tag-design","14":"tag-divertissement","15":"tag-entertainment","16":"tag-fr","17":"tag-france","18":"tag-la-patinoire-royale-galerie-valerie-bach","19":"tag-sculpture"},"share_on_mastodon":{"url":"https:\/\/pubeurope.com\/@fr\/115200177333585887","error":""},"_links":{"self":[{"href":"https:\/\/www.europesays.com\/fr\/wp-json\/wp\/v2\/posts\/389196","targetHints":{"allow":["GET"]}}],"collection":[{"href":"https:\/\/www.europesays.com\/fr\/wp-json\/wp\/v2\/posts"}],"about":[{"href":"https:\/\/www.europesays.com\/fr\/wp-json\/wp\/v2\/types\/post"}],"author":[{"embeddable":true,"href":"https:\/\/www.europesays.com\/fr\/wp-json\/wp\/v2\/users\/2"}],"replies":[{"embeddable":true,"href":"https:\/\/www.europesays.com\/fr\/wp-json\/wp\/v2\/comments?post=389196"}],"version-history":[{"count":0,"href":"https:\/\/www.europesays.com\/fr\/wp-json\/wp\/v2\/posts\/389196\/revisions"}],"wp:featuredmedia":[{"embeddable":true,"href":"https:\/\/www.europesays.com\/fr\/wp-json\/wp\/v2\/media\/389197"}],"wp:attachment":[{"href":"https:\/\/www.europesays.com\/fr\/wp-json\/wp\/v2\/media?parent=389196"}],"wp:term":[{"taxonomy":"category","embeddable":true,"href":"https:\/\/www.europesays.com\/fr\/wp-json\/wp\/v2\/categories?post=389196"},{"taxonomy":"post_tag","embeddable":true,"href":"https:\/\/www.europesays.com\/fr\/wp-json\/wp\/v2\/tags?post=389196"}],"curies":[{"name":"wp","href":"https:\/\/api.w.org\/{rel}","templated":true}]}}