{"id":389198,"date":"2025-09-14T01:59:17","date_gmt":"2025-09-14T01:59:17","guid":{"rendered":"https:\/\/www.europesays.com\/fr\/389198\/"},"modified":"2025-09-14T01:59:17","modified_gmt":"2025-09-14T01:59:17","slug":"8eme-salon-du-livre-au-feminin","status":"publish","type":"post","link":"https:\/\/www.europesays.com\/fr\/389198\/","title":{"rendered":"8\u00e8me salon du livre au f\u00e9minin"},"content":{"rendered":"<p>                                                <img decoding=\"async\" src=\"https:\/\/www.europesays.com\/fr\/wp-content\/uploads\/2025\/09\/72139_1.jpg\" alt=\"Affiche salon du livre  Les Romanci\u00e8res  2025\" style=\"max-width:100%;height:auto;\"\/><br \/>Affiche salon du livre  Les Romanci\u00e8res  2025 \u00a9 photographe<\/p>\n<p>                                                    Rendez-vous litt\u00e9raire au Centre de Congr\u00e8s \u00e0 Saint-Quay-Portrieux<\/p>\n<p>C&rsquo;est le 8\u00e8me salon du livre au f\u00e9minin \u00ab\u00a0Les Romanci\u00e8res\u00a0\u00bb qui s&rsquo;ouvrira le dimanche 21 septembre 2025 au Centre de Congr\u00e8s de Saint-Quay-Portrieux.<\/p>\n<p>Une trentaines d&rsquo;autrices sont attendues, parmi lesquelles venues de loin comme Mona AZZAM de Montpellier et Sophie TURCO de Marseille, toutes deux membres de Rencontre des Auteurs Francophones, plateforme bas\u00e9e \u00e0 New-York et offrant une vitrine \u00e0 l&rsquo;international.<\/p>\n<p>Beaucoup de nos contemporaines bretonnes habitu\u00e9es et fid\u00e8les seront pr\u00e9sentes pour repr\u00e9senter notre r\u00e9gion. De beaux moments seront \u00e0 vivre avec celles qui font de la litt\u00e9rature un sujet fort dans notre vie. Le bonheur de la lecture et sa richesse.<\/p>\n<p>Le salon du livre au f\u00e9minin a \u00e9t\u00e9 initi\u00e9 par Madame Marianne DANGUIS, adjointe \u00e0 la vie associative et soutenu par la mairie de Saint-Quay-Portrieux et son maire Monsieur Thierry SIMELIERE.<\/p>\n<p>Le salon du livre \u00e0 l&rsquo;identit\u00e9 particuli\u00e8re et incontournale de la culture de Saint-Quay-Portrieux, reste tr\u00e8s intimiste et tellement chaleureux avec chaque ann\u00e9e des programmes de lectures, des \u00e9changes et des conf\u00e9rences, entour\u00e9s d&rsquo;une mise en sc\u00e8ne de toute beaut\u00e9 r\u00e9alis\u00e9e par Marianne DANGUIS elle-m\u00eame, avec diff\u00e9rents th\u00e8mes chaque ann\u00e9e, une v\u00e9ritable exposition qu&rsquo;elle nous offre avec sa passion pour la litt\u00e9rature.<\/p>\n<p>Rendez-vous au Centre de Congr\u00e8s &#8211; 10 bld du G\u00e9n\u00e9ral-de-Gaulle &#8211; 22410 Saint-Quay-Portrieux De 10 h \u00e0 12 h et de 14 h \u00e0 18 h 30<\/p>\n","protected":false},"excerpt":{"rendered":"Affiche salon du livre Les Romanci\u00e8res 2025 \u00a9 photographe Rendez-vous litt\u00e9raire au Centre de Congr\u00e8s \u00e0 Saint-Quay-Portrieux C&rsquo;est&hellip;\n","protected":false},"author":2,"featured_media":389199,"comment_status":"","ping_status":"","sticky":false,"template":"","format":"standard","meta":{"footnotes":""},"categories":[1357],"tags":[11,1379,42408,829,52151,52152,58,59,1011,27,1380,12],"class_list":{"0":"post-389198","1":"post","2":"type-post","3":"status-publish","4":"format-standard","5":"has-post-thumbnail","7":"category-livres","8":"tag-actualites","9":"tag-books","10":"tag-breizh","11":"tag-bretagne","12":"tag-brittany","13":"tag-bzh","14":"tag-divertissement","15":"tag-entertainment","16":"tag-fr","17":"tag-france","18":"tag-livres","19":"tag-news"},"share_on_mastodon":{"url":"https:\/\/pubeurope.com\/@fr\/115200181370428449","error":""},"_links":{"self":[{"href":"https:\/\/www.europesays.com\/fr\/wp-json\/wp\/v2\/posts\/389198","targetHints":{"allow":["GET"]}}],"collection":[{"href":"https:\/\/www.europesays.com\/fr\/wp-json\/wp\/v2\/posts"}],"about":[{"href":"https:\/\/www.europesays.com\/fr\/wp-json\/wp\/v2\/types\/post"}],"author":[{"embeddable":true,"href":"https:\/\/www.europesays.com\/fr\/wp-json\/wp\/v2\/users\/2"}],"replies":[{"embeddable":true,"href":"https:\/\/www.europesays.com\/fr\/wp-json\/wp\/v2\/comments?post=389198"}],"version-history":[{"count":0,"href":"https:\/\/www.europesays.com\/fr\/wp-json\/wp\/v2\/posts\/389198\/revisions"}],"wp:featuredmedia":[{"embeddable":true,"href":"https:\/\/www.europesays.com\/fr\/wp-json\/wp\/v2\/media\/389199"}],"wp:attachment":[{"href":"https:\/\/www.europesays.com\/fr\/wp-json\/wp\/v2\/media?parent=389198"}],"wp:term":[{"taxonomy":"category","embeddable":true,"href":"https:\/\/www.europesays.com\/fr\/wp-json\/wp\/v2\/categories?post=389198"},{"taxonomy":"post_tag","embeddable":true,"href":"https:\/\/www.europesays.com\/fr\/wp-json\/wp\/v2\/tags?post=389198"}],"curies":[{"name":"wp","href":"https:\/\/api.w.org\/{rel}","templated":true}]}}