{"id":389200,"date":"2025-09-14T02:00:29","date_gmt":"2025-09-14T02:00:29","guid":{"rendered":"https:\/\/www.europesays.com\/fr\/389200\/"},"modified":"2025-09-14T02:00:29","modified_gmt":"2025-09-14T02:00:29","slug":"cette-star-de-la-serie-joue-un-adolescent-mais-il-est-marie-dans-la-vie","status":"publish","type":"post","link":"https:\/\/www.europesays.com\/fr\/389200\/","title":{"rendered":"Cette star de la s\u00e9rie joue un adolescent, mais il est mari\u00e9 dans la vie !"},"content":{"rendered":"<p>S&rsquo;ils jouent tr\u00e8s bien leurs r\u00f4les, les acteurs de la s\u00e9rie Mercredi, dont la partie 2 de la saison 2 est sortie le 3 septembre 2025 sur Netflix, sont bien loin d&rsquo;\u00eatre des adolescents. Eh oui, les stars de la s\u00e9rie sont beaucoup plus \u00e2g\u00e9es que leurs personnages. L&rsquo;un d&rsquo;eux est m\u00eame d\u00e9j\u00e0 mari\u00e9 ! <\/p>\n<p>On ne le r\u00e9p\u00e9tera jamais assez : il ne faut pas croire tout ce qu&rsquo;on voit \u00e0 la t\u00e9l\u00e9vision. Si l&rsquo;on commence \u00e0 \u00eatre habitu\u00e9 \u00e0 voir des trentenaires jouer des adolescents dans des s\u00e9ries \u2013 <a href=\"https:\/\/www.programme-tv.net\/biographie\/426771-coughlan-nicola\/\" data-link-people=\"e3c178ee-2de1-49c4-83f7-bb4ae54cb84a\" target=\"_blank\" rel=\"noopener\">Nicola Coughlan<\/a> dans <a href=\"https:\/\/www.programme-tv.net\/news\/series-tv\/382402-bridgerton-pour-la-premiere-fois-depuis-tres-longtemps-nicola-coughlan-s-offre-des-vacances-en-amoureux-photos\/\" data-api-deeplink=\"teleloisirs:\/\/news\/382402\" target=\"_blank\" rel=\"noopener\">Bridgerton <\/a>en est le parfait exemple \u2013 certaines r\u00e9v\u00e9lations sont tout de m\u00eame stup\u00e9fiantes. Les fans de Mercredi ne vont pas en croire leurs yeux (d\u00e9couvrez <a href=\"https:\/\/www.programme-tv.net\/news\/series-tv\/386870-mercredi-quel-age-ont-reellement-les-acteurs-de-la-serie-netflix\/\" data-api-deeplink=\"teleloisirs:\/\/news\/386870\" target=\"_blank\" rel=\"noopener\">le vrai \u00e2ge des acteurs de la s\u00e9rie<\/a>). Hunter Doohan, qui incarne Tyler Galpin dans la s\u00e9rie de <a href=\"https:\/\/www.programme-tv.net\/biographie\/11472-burton-tim\/\" data-link-people=\"981232bf-cbe2-42d6-851d-c14463302d5e\" target=\"_blank\" rel=\"noopener\">Tim Burton<\/a>\u2026 a 31 ans ! Et il est mari\u00e9 ! L&rsquo;acteur a \u00e9pous\u00e9 le producteur Fielder Jewett en juin 2022 et file le parfait amour. Loin, tr\u00e8s loin, des probl\u00e9matiques de son personnage dans Mercredi, Hyde est l&rsquo;un des principaux antagonistes de la saison 1. Dans les premiers \u00e9pisodes de la s\u00e9rie, l&rsquo;\u00e9ventualit\u00e9 d&rsquo;une histoire d&rsquo;amour entre Tyler et Mercredi avait surgi \u2013 tr\u00e8s vite tu\u00e9e dans l&rsquo;\u0153uf par les sc\u00e9naristes et <a href=\"https:\/\/www.programme-tv.net\/biographie\/284408-ortega-jenna\/\" data-link-people=\"c4033b24-15c2-45d4-a316-3288123a4be7\" target=\"_blank\" rel=\"noopener\">Jenna Ortega<\/a>. Et cela avait eu des r\u00e9percussions sur la vie de Hunter Doohan.<\/p>\n<p>                        Hunter Doohan a d\u00fb faire face \u00e0 des rumeurs absurdes \u00e0 propos de Jenna Ortega lors de la sortie de Mercredi<\/p>\n<p>Lors de la sortie de la saison 1 de Mercredi, des rumeurs avaient enfl\u00e9. Sur les r\u00e9seaux sociaux, certains internautes se disaient persuad\u00e9s que le mari de Hunter Doohan \u00e9tait jaloux de sa relation avec Jenna Ortega. Des ou\u00ef-dire absurdes que l&rsquo;acteur avait d\u00fb d\u00e9mentir. \u00ab\u00a0Les gens croient ce genre de choses. Parfois, \u00e7a me donne envie de me prot\u00e9ger encore plus et de ne rien partager sur ma vie priv\u00e9e, a-t-il confi\u00e9 dans le podcast <a href=\"https:\/\/www.iheart.com\/podcast\/1119-ive-never-said-this-befor-117748070\/\" target=\"_blank\" rel=\"noopener\">I&rsquo;ve Never Said That<\/a>. Et parfois, j&rsquo;ai envie de commenter et de dire : &lsquo;Mais les gens croient vraiment ces merdes ?'\u00a0\u00bb Ces rumeurs \u2013 certaines avan\u00e7aient m\u00eame que Fielder Jewett avait interdit \u00e0 Hunter Doohan d&rsquo;aller \u00e0 l&rsquo;avant-premi\u00e8re \u00e0 Londres car<a href=\"https:\/\/www.programme-tv.net\/news\/series-tv\/314656-mercredi-netflix-jenna-ortega-joue-t-elle-vraiment-du-violoncelle-dans-la-serie\/\" data-api-deeplink=\"teleloisirs:\/\/news\/314656\" target=\"_blank\" rel=\"noopener\"> Jenna Ortega<\/a> y serait \u2013 n&rsquo;ont pas entach\u00e9 l&rsquo;amiti\u00e9 entre les deux stars de Mercredi. \u00ab\u00a0Je l&rsquo;aime \u00e0 mourir\u00a0\u00bb, a confi\u00e9 Hunter Doohan \u00e0 propos de l&rsquo;actrice principale.<\/p>\n<p>            O\u00f9 pouvait-on voir Hunter Doohan avant Mercredi ?<\/p>\n<p>Hunter Doohan est, comme tous les acteurs, habitu\u00e9 \u00e0 faire semblant. Et les r\u00f4les qu&rsquo;il a choisi d&rsquo;incarner jusqu&rsquo;\u00e0 pr\u00e9sent sont tous tr\u00e8s diff\u00e9rents. Avant d&rsquo;\u00eatre la cr\u00e9ature que l&rsquo;on conna\u00eet dans Mercredi, il a crev\u00e9 l&rsquo;\u00e9cran en tant que Warren Cave dans la s\u00e9rie Truth Be Told, sur Apple TV+. Les fans l&rsquo;ont aussi ador\u00e9 dans la s\u00e9rie acclam\u00e9e <a href=\"https:\/\/www.programme-tv.net\/news\/series-tv\/323307-your-honor-canal-la-serie-avec-bryan-cranston-aura-t-elle-une-saison-3\/\" data-api-deeplink=\"teleloisirs:\/\/news\/323307\" target=\"_blank\" rel=\"noopener\">Your Honor<\/a>, disponible sur Canal+.<\/p>\n<p><img decoding=\"async\" src=\"https:\/\/www.europesays.com\/fr\/wp-content\/uploads\/2025\/09\/1757815229_858_thumbnail.jpg\" alt=\"\" data-id=\"\"\/>RINDOFF-BORDE \/ BESTIMAGE                        <\/p>\n<p>Article \u00e9crit en collaboration avec 6M\u00e9dias.<\/p>\n","protected":false},"excerpt":{"rendered":"S&rsquo;ils jouent tr\u00e8s bien leurs r\u00f4les, les acteurs de la s\u00e9rie Mercredi, dont la partie 2 de la&hellip;\n","protected":false},"author":2,"featured_media":389201,"comment_status":"","ping_status":"","sticky":false,"template":"","format":"standard","meta":{"footnotes":""},"categories":[1356],"tags":[44590,244,58,59,1011,27,6774,127,1722,4496,129,252,1364],"class_list":{"0":"post-389200","1":"post","2":"type-post","3":"status-publish","4":"format-standard","5":"has-post-thumbnail","7":"category-television","8":"tag-catherine-zeta-jones","9":"tag-commentaire","10":"tag-divertissement","11":"tag-entertainment","12":"tag-fr","13":"tag-france","14":"tag-mercredi","15":"tag-netflix","16":"tag-pub-streaming-netflix","17":"tag-superstream","18":"tag-svod","19":"tag-television","20":"tag-tv"},"share_on_mastodon":{"url":"https:\/\/pubeurope.com\/@fr\/115200185238477654","error":""},"_links":{"self":[{"href":"https:\/\/www.europesays.com\/fr\/wp-json\/wp\/v2\/posts\/389200","targetHints":{"allow":["GET"]}}],"collection":[{"href":"https:\/\/www.europesays.com\/fr\/wp-json\/wp\/v2\/posts"}],"about":[{"href":"https:\/\/www.europesays.com\/fr\/wp-json\/wp\/v2\/types\/post"}],"author":[{"embeddable":true,"href":"https:\/\/www.europesays.com\/fr\/wp-json\/wp\/v2\/users\/2"}],"replies":[{"embeddable":true,"href":"https:\/\/www.europesays.com\/fr\/wp-json\/wp\/v2\/comments?post=389200"}],"version-history":[{"count":0,"href":"https:\/\/www.europesays.com\/fr\/wp-json\/wp\/v2\/posts\/389200\/revisions"}],"wp:featuredmedia":[{"embeddable":true,"href":"https:\/\/www.europesays.com\/fr\/wp-json\/wp\/v2\/media\/389201"}],"wp:attachment":[{"href":"https:\/\/www.europesays.com\/fr\/wp-json\/wp\/v2\/media?parent=389200"}],"wp:term":[{"taxonomy":"category","embeddable":true,"href":"https:\/\/www.europesays.com\/fr\/wp-json\/wp\/v2\/categories?post=389200"},{"taxonomy":"post_tag","embeddable":true,"href":"https:\/\/www.europesays.com\/fr\/wp-json\/wp\/v2\/tags?post=389200"}],"curies":[{"name":"wp","href":"https:\/\/api.w.org\/{rel}","templated":true}]}}