{"id":38921,"date":"2025-04-20T12:55:22","date_gmt":"2025-04-20T12:55:22","guid":{"rendered":"https:\/\/www.europesays.com\/fr\/38921\/"},"modified":"2025-04-20T12:55:22","modified_gmt":"2025-04-20T12:55:22","slug":"le-point-sur-le-lundi-de-paques-ferie-a-bordeaux","status":"publish","type":"post","link":"https:\/\/www.europesays.com\/fr\/38921\/","title":{"rendered":"le point sur le lundi de P\u00e2ques f\u00e9ri\u00e9 \u00e0 Bordeaux"},"content":{"rendered":"<p>            Par<br \/>\n        <strong><br \/>\n            <a href=\"https:\/\/actu.fr\/auteur\/redaction-bordeaux\" title=\"Consulter tous les articles de R\u00e9daction Bordeaux\" rel=\"nofollow noopener\" target=\"_blank\">R\u00e9daction Bordeaux<\/a><br \/>\n        <\/strong><\/p>\n<p>        Publi\u00e9 le<\/p>\n<p>            19 avr. 2025 \u00e0 12h36        <\/p>\n<p>En 2025, le lundi de P\u00e2ques tombe ce lundi 21 avril 2025. Pour vous faciliter la t\u00e2che, <a href=\"https:\/\/actu.fr\/bordeaux\/\" rel=\"nofollow noopener\" target=\"_blank\">actu Bordeaux<\/a> fait le point sur les <strong>horaires et fermetures<\/strong> des services et commerces de la m\u00e9tropole bordelaise.<\/p>\n<p>Les transports, d\u00e9chets et parcs<\/p>\n<p class=\" wall-content\">Comme lors de chaque jour f\u00e9ri\u00e9, le <a href=\"https:\/\/www.infotbm.com\/fr\" rel=\"nofollow noopener\" target=\"_blank\">r\u00e9seau TBM<\/a> fonctionnera avec les <strong>horaires du dimanche.\u00a0<\/strong>Les <a href=\"https:\/\/www.infotbm.com\/fr\/horaires\" rel=\"nofollow noopener\" target=\"_blank\">fiches horaires<\/a> des diff\u00e9rentes lignes indiquent leurs fr\u00e9quences.<\/p>\n<p class=\" wall-content\">Les <strong>poubelles<\/strong> habituellement ramass\u00e9es le lundi seront collect\u00e9es comme d\u2019habitude dans l\u2019hypercentre de Bordeaux. Dans l\u2019intra-boulevard (rive gauche), seuls les bacs de tri seront collect\u00e9s.<\/p>\n<p class=\" wall-content\">Au contraire, dans les autres communes et en extra-boulevards de Bordeaux seuls les bacs noirs seront collect\u00e9s. Attention, tous les <strong>centres de recyclage<\/strong> de la m\u00e9tropole seront ferm\u00e9s.<\/p>\n<p class=\" wall-content\">Concernant les parcs et jardins de Bordeaux, ils restent <strong>tous ouverts<\/strong> aux horaires habituels.<\/p>\n<p>Vid\u00e9os : en ce moment sur ActuLes commerces\u00a0<\/p>\n<p class=\" wall-content\">Envie de profiter du jour f\u00e9ri\u00e9 pour faire vos courses de la semaine ? Ce lundi, les <strong>hypermarch\u00e9s<\/strong> des centres commerciaux de la m\u00e9tropole adaptent leurs horaires.\u00a0<\/p>\n<ul class=\" wall-content\">\n<li>Certains sont ouverts de <strong>8h30 \u00e0 20h<\/strong> : Auchan \u00e0 Bordeaux Lac, E.Leclerc \u00e0 Grand-Tour (Sainte-Eulalie), E.Leclerc \u00e0 la galerie Saint-M\u00e9dard (Saint-M\u00e9dard en Jalles), Carrefour \u00e0 Rives d\u2019Arcins (B\u00e8gles) et Carrefour \u00e0 M\u00e9rignac Soleil (M\u00e9rignac) ;<\/li>\n<li>Les suivants ouvrent leurs portes de <strong>9h \u00e0 20h :\u00a0<\/strong> Auchan \u00e0 Bois Bersol (Pessac), Auchan \u00e0 M\u00e9riadeck (Bordeaux) et Carrefour aux Quatre Pavillons (Lormont).<\/li>\n<\/ul>\n<p class=\" wall-content\">Enfin, le magasin Auchan du centre <strong>Aushopping Bouliac<\/strong> sera ouvert de 9h \u00e0 19h.<\/p>\n<p class=\" wall-content\">Suivez toute l\u2019actualit\u00e9 de vos villes et m\u00e9dias favoris en vous inscrivant \u00e0 <a href=\"https:\/\/moncompte.actu.fr\" title=\"D\u00e9couvez Mon Actu\" rel=\"nofollow noopener\" data-trk=\"{&quot;cta&quot;:{&quot;action&quot;:&quot;https:\\\/\\\/moncompte.actu.fr&quot;,&quot;category&quot;:&quot;mon compte&quot;,&quot;from&quot;:&quot;article footer&quot;,&quot;name&quot;:&quot;Mon actu&quot;,&quot;type&quot;:&quot;cta&quot;}}\" target=\"_blank\">Mon Actu<\/a>.<\/p>\n","protected":false},"excerpt":{"rendered":"Par R\u00e9daction Bordeaux Publi\u00e9 le 19 avr. 2025 \u00e0 12h36 En 2025, le lundi de P\u00e2ques tombe ce&hellip;\n","protected":false},"author":2,"featured_media":38922,"comment_status":"","ping_status":"","sticky":false,"template":"","format":"standard","meta":{"footnotes":""},"categories":[2817],"tags":[1111,11,1997,215,1777,674,1011,27,12,2219,4769,25,104,7952],"class_list":{"0":"post-38921","1":"post","2":"type-post","3":"status-publish","4":"format-standard","5":"has-post-thumbnail","7":"category-bordeaux","8":"tag-actu","9":"tag-actualites","10":"tag-bordeaux","11":"tag-commerce","12":"tag-eu","13":"tag-europe","14":"tag-fr","15":"tag-france","16":"tag-news","17":"tag-nouvelle-aquitaine","18":"tag-paques","19":"tag-republique-francaise","20":"tag-societe","21":"tag-tbm"},"share_on_mastodon":{"url":"https:\/\/pubeurope.com\/@fr\/114370401025642032","error":""},"_links":{"self":[{"href":"https:\/\/www.europesays.com\/fr\/wp-json\/wp\/v2\/posts\/38921","targetHints":{"allow":["GET"]}}],"collection":[{"href":"https:\/\/www.europesays.com\/fr\/wp-json\/wp\/v2\/posts"}],"about":[{"href":"https:\/\/www.europesays.com\/fr\/wp-json\/wp\/v2\/types\/post"}],"author":[{"embeddable":true,"href":"https:\/\/www.europesays.com\/fr\/wp-json\/wp\/v2\/users\/2"}],"replies":[{"embeddable":true,"href":"https:\/\/www.europesays.com\/fr\/wp-json\/wp\/v2\/comments?post=38921"}],"version-history":[{"count":0,"href":"https:\/\/www.europesays.com\/fr\/wp-json\/wp\/v2\/posts\/38921\/revisions"}],"wp:featuredmedia":[{"embeddable":true,"href":"https:\/\/www.europesays.com\/fr\/wp-json\/wp\/v2\/media\/38922"}],"wp:attachment":[{"href":"https:\/\/www.europesays.com\/fr\/wp-json\/wp\/v2\/media?parent=38921"}],"wp:term":[{"taxonomy":"category","embeddable":true,"href":"https:\/\/www.europesays.com\/fr\/wp-json\/wp\/v2\/categories?post=38921"},{"taxonomy":"post_tag","embeddable":true,"href":"https:\/\/www.europesays.com\/fr\/wp-json\/wp\/v2\/tags?post=38921"}],"curies":[{"name":"wp","href":"https:\/\/api.w.org\/{rel}","templated":true}]}}